{"id":8888,"date":"2024-05-25T18:07:59","date_gmt":"2024-05-25T16:07:59","guid":{"rendered":"https:\/\/www.revue-recherches.fr\/?p=8888"},"modified":"2024-05-27T11:34:40","modified_gmt":"2024-05-27T09:34:40","slug":"les-coups-de-coeur-delizabeth-vlieghe-printemps-ete-2018-2-2-2-3-2-2-2-2-2","status":"publish","type":"post","link":"https:\/\/www.revue-recherches.fr\/?p=8888","title":{"rendered":"Les coups de c\u0153ur d\u2019\u00c9lizabeth Vlieghe \u2013 2024"},"content":{"rendered":"<ul>\n<li><a href=\"#docu24\">Coups de c\u0153ur documentaires<\/a><\/li>\n<li><a href=\"#fic24\">Coups de c\u0153ur fictions<\/a><\/li>\n<li><a href=\"#nouvo24\">Nouveaut\u00e9s en mati\u00e8re d&rsquo;\u00e9ditions et de collections<\/a><\/li>\n<li><a href=\"#rezo24\">Des nouvelles des r\u00e9seaux d\u00e9j\u00e0 pr\u00e9sent\u00e9s<\/a><\/li>\n<li><a href=\"#reedit24\">Parutions au format poche et r\u00e9\u00e9ditions<\/a><\/li>\n<\/ul>\n<h2 id=\"docu24\">DOCUMENTAIRES<\/h2>\n<h3><strong><em>La Joconde et les autres<\/em><\/strong><strong>, Alice Harmane, illustr\u00e9 par Quentin Blake, Louvre \u00e9ditions\/Flammarion jeunesse, 2023.<\/strong><\/h3>\n<p><img loading=\"lazy\" class=\"size-thumbnail wp-image-8912 alignleft\" src=\"https:\/\/www.revue-recherches.fr\/wp-content\/uploads\/2024\/05\/Joconde-150x231.jpg\" alt=\"\" width=\"150\" height=\"231\" \/><\/p>\n<p>Afin que personne ne croie que le Louvre n\u2019h\u00e9berge qu\u2019une seule star, c\u2019est Monna Lisa elle-m\u00eame qui, apr\u00e8s avoir sacrifi\u00e9 aux pr\u00e9sentations, fait d\u00e9couvrir au lecteur trente chefs d\u2019\u0153uvre qu\u2019elle c\u00f4toie. Certes, le choix en est forc\u00e9ment subjectif, mais on aurait tort de bouder le plaisir procur\u00e9 par ces doubles, voire quadruples pages humoristiques, tant gr\u00e2ce aux petits dessins de Quentin Blake qu\u2019aux textes, \u00e9ducatifs par ailleurs. Les \u0153uvres sont reproduites et l\u00e9gend\u00e9es \u00e0 gauche, tandis qu\u2019\u00e0 droite, sur deux colonnes, le (ou l\u2019un des) personnage, peint ou sculpt\u00e9, interpelle le lecteur pour lui faire part de ses \u00e9tats d\u2019\u00e2me ou lui confier des secrets\u00a0: tels les \u00e9poux \u00e9trusques<sup>1<\/sup> affirmant qu\u2019ils \u00e9taient \u00e9gaux dans la vie, le petit ange<sup>2<\/sup> confirmant qu\u2019\u00e0 cette \u00e9poque beaucoup pensaient que les femmes ne pouvaient pas \u00eatre des artistes \u00e0 part enti\u00e8re ou encore ce Pierrot d\u00e9sabus\u00e9<sup>3<\/sup> se plaignant d\u2019\u00eatre un souffre-douleur, que r\u00e9conforte l\u2019\u00e2ne du tableau\u2026 Il s\u2019agit d\u2019un ouvrage de grande qualit\u00e9 qui fera d\u00e9couvrir l\u2019art, de fa\u00e7on agr\u00e9able et ludique mais \u00e9galement document\u00e9e, en priorit\u00e9 aux jeunes, mais sans doute \u00e9galement aux plus grands. Une pr\u00e9sentation du Louvre, dix id\u00e9es pour regarder une \u0153uvre d\u2019art, une frise chronologique et un glossaire compl\u00e8tent efficacement un documentaire indispensable au sein des CDI.<\/p>\n<p>[1] <strong><em>Sarcophage des \u00e9poux<\/em><\/strong>, 520-510 AV. J.-C, argile peinte. Trouv\u00e9 \u00e0 Cerveteri, Italie.<br \/>\n[2] <strong><em>Le r\u00eave du bonheur<\/em><\/strong>, 1819, de Constance Mayer Lamartini\u00e8re.<br \/>\n[3] <strong><em>Pierrot<\/em><\/strong>, 1718-1719, de Jean Antoine Watteau.<\/p>\n<h2 id=\"fic24\">FICTIONS<\/h2>\n<h3><strong><em>Le Citronnier<\/em>, Ilia Castro, illustr\u00e9 par Barroux, \u00c9ditions D\u2019eux, 2023.<\/strong><\/h3>\n<p><img loading=\"lazy\" class=\"size-thumbnail wp-image-8893 alignright\" src=\"https:\/\/www.revue-recherches.fr\/wp-content\/uploads\/2024\/05\/citronnier--150x231.jpg\" alt=\"\" width=\"150\" height=\"231\" \/>Le lecteur ne connaitra jamais le pr\u00e9nom de cette petite fille, symbole de tous les enfants n\u00e9s dans un pays en guerre, au sein d\u2019une dictature capable des pires exactions. \u00ab\u00a0Elle\u00a0\u00bb, \u00ab\u00a0lucide et lumineuse\u00a0\u00bb, se r\u00e9fugie dans le citronnier d\u2019o\u00f9 elle entend les bruits de fusillades, d\u2019o\u00f9 elle voit son p\u00e8re enterrer des livres, o\u00f9 sa m\u00e8re l\u2019envoie d\u00e8s que les opposants au r\u00e9gime se r\u00e9unissent chez eux\u2026 Jusqu\u2019au jour o\u00f9 ceux-ci seront \u00e0 leur tour ex\u00e9cut\u00e9s. La narration, d\u00e9j\u00e0 tr\u00e8s po\u00e9tique, bascule alors dans le merveilleux\u00a0: les larmes de la petite fille forment une rivi\u00e8re, survol\u00e9e par de grands oiseaux blancs, emportant tout sur son passage, notamment les corps jet\u00e9s vivants des h\u00e9licopt\u00e8res, jusqu\u2019\u00e0 s\u2019apaiser pour augurer d\u2019un avenir plein de promesses. D\u2019origine argentine, l\u2019auteure est une conteuse hors pair n\u2019occultant aucunement les horreurs perp\u00e9tr\u00e9es dans son pays ou d\u2019autres, vues par une enfant qui n\u00e9anmoins garde l\u2019espoir de jours meilleurs. Les illustrations saisissantes de Barroux donnent toute leur puissance fantastique et m\u00e9taphorique \u00e0 un texte fort et n\u00e9cessaire.<\/p>\n<h3><strong><em>La Plan\u00e8te de grand-p\u00e8re<\/em>, Coralie Saudo, illustr\u00e9 par Marie Lafrance, \u00c9ditions D\u2019eux, 2023.<\/strong><\/h3>\n<p><img loading=\"lazy\" class=\"size-thumbnail wp-image-8927 alignleft\" src=\"https:\/\/www.revue-recherches.fr\/wp-content\/uploads\/2024\/05\/planete-de-grand-pere--150x231.jpg\" alt=\"\" width=\"150\" height=\"231\" \/> Le titre, et davantage encore la couverture, donnent le ton\u00a0: de la terre, un petit gar\u00e7on stup\u00e9fait regarde son grand-p\u00e8re juch\u00e9 sur une autre plan\u00e8te\u00a0; ce dernier a la t\u00eate \u00e0 l\u2019envers, le n\u0153ud papillon de sa chemise contraste avec le bas de pyjama, sans parler du chapeau melon contenant un oiseau, pos\u00e9 en \u00e9quilibre sur son cr\u00e2ne\u2026 Le narrateur imagine que son grand-p\u00e8re vit sur cette autre plan\u00e8te o\u00f9 rien ne tourne rond, car celui-ci agit de fa\u00e7on de plus en plus farfelue, mettant du sel dans son caf\u00e9 ou dormant dans la niche de son chien, voire inqui\u00e9tante quand il offre \u00e0 son petit-fils un bouquet d\u2019artichauts pour nourrir son z\u00e9bu en l\u2019appelant Raymond. D\u00e9stabilis\u00e9, l\u2019enfant se confie \u00e0 son p\u00e8re qui lui explique que le sac de souvenirs de son grand-p\u00e8re, ex gardien de zoo, est us\u00e9, trou\u00e9\u00a0: il se vide\u2026 Qu\u2019\u00e0 cela ne tienne, le narrateur fera, lui, provision de souvenirs afin de les restituer \u00e0 son grand-p\u00e8re. Un album tendre, po\u00e9tique et m\u00e9taphorique qui explique en douceur les maladies de la m\u00e9moire\u00a0; les illustrations au pastel, toutes en rondeur, joyeuses et burlesques, occupent la plus grande partie des pages, magnifiant un texte tr\u00e8s accessible, aux sonorit\u00e9s souvent rim\u00e9es.<\/p>\n<h3><strong><em>Cheval de guerre<\/em>, Micha\u00ebl Morpurgo, traduit de l\u2019anglais par Diane M\u00e9nard, illustr\u00e9 par Tom Clohosy Cole, Gallimard Jeunesse, 2023.<\/strong><\/h3>\n<p><img loading=\"lazy\" class=\"alignright wp-image-8892\" src=\"https:\/\/www.revue-recherches.fr\/wp-content\/uploads\/2024\/05\/cheval-de-guerre-300x336.jpg\" alt=\"\" width=\"162\" height=\"181\" srcset=\"https:\/\/www.revue-recherches.fr\/wp-content\/uploads\/2024\/05\/cheval-de-guerre-300x336.jpg 300w, https:\/\/www.revue-recherches.fr\/wp-content\/uploads\/2024\/05\/cheval-de-guerre-1024x1149.jpg 1024w, https:\/\/www.revue-recherches.fr\/wp-content\/uploads\/2024\/05\/cheval-de-guerre.jpg 1299w\" sizes=\"(max-width: 162px) 100vw, 162px\" \/>Adaptation pour les plus jeunes du c\u00e9l\u00e8bre roman \u00e9ponyme de l\u2019auteur (<a href=\"https:\/\/www.revue-recherches.fr\/wp-content\/uploads\/2016\/07\/221-234_R60_Vlieghe.pdf\" target=\"_blank\" rel=\"noopener\">pr\u00e9sent\u00e9 dans le num\u00e9ro 60 de <strong><em>Recherches<\/em><\/strong>, 2014-1<\/a>). Album aux tr\u00e8s belles illustrations dont les couleurs ocres rendent bien compte d\u2019une atmosph\u00e8re de guerre, avant de retrouver la clart\u00e9. \u00c0 noter\u00a0: le narrateur n\u2019est plus le cheval\u00a0; ses aventures et celles de son ami Albert sont rapport\u00e9es \u00e0 la troisi\u00e8me personne.<\/p>\n<h3><strong><em>Nous<\/em><\/strong><strong>, Liisa Kallio, Traduit du finlandais par P\u00e4ivi Ruoste, Les Albums Casterman, 2023.<\/strong><\/h3>\n<p><img loading=\"lazy\" class=\"alignleft wp-image-8923\" src=\"https:\/\/www.revue-recherches.fr\/wp-content\/uploads\/2024\/05\/Nous-1.jpg\" alt=\"\" width=\"163\" height=\"195\" srcset=\"https:\/\/www.revue-recherches.fr\/wp-content\/uploads\/2024\/05\/Nous-1.jpg 346w, https:\/\/www.revue-recherches.fr\/wp-content\/uploads\/2024\/05\/Nous-1-300x359.jpg 300w\" sizes=\"(max-width: 163px) 100vw, 163px\" \/>Malgr\u00e9 des physiques et des caract\u00e8res diff\u00e9rents, nous partageons des exp\u00e9riences universelles. Chacun est unique mais nous sommes tous pareils\u2026 L\u2019auteure-illustratrice croque la diversit\u00e9 des humains avec des crayons de toutes les couleurs. Elle livre aux jeunes lecteurs une le\u00e7on d\u2019humanit\u00e9 et de tol\u00e9rance dans un festival de teintes chatoyantes et lumineuses. Une c\u00e9l\u00e9bration simple, gaie et rythm\u00e9e, tr\u00e8s r\u00e9ussie, de vies si diff\u00e9rentes et pourtant si communes.<\/p>\n<h3><strong><em>Le Tout Petit Monsieur et la Tr\u00e8s Grande Dame<\/em><\/strong><strong>, Claire Renaud, illustr\u00e9 par Fran\u00e7ois Ravard, Folio Cadet, Gallimard, 2022.<\/strong><\/h3>\n<p><img loading=\"lazy\" class=\"wp-image-8926 size-thumbnail alignright\" src=\"https:\/\/www.revue-recherches.fr\/wp-content\/uploads\/2024\/05\/petit-monsieur-grande-dame-150x231.jpg\" alt=\"\" width=\"150\" height=\"231\" \/><\/p>\n<p>Pourtant tous deux p\u00e9tris de qualit\u00e9s, Marcel et H\u00e9l\u00e8ne, 30 ans, souffrent de solitude chacun de leur c\u00f4t\u00e9. Comment expliquer que deux \u00eatres, gentils, \u00e9l\u00e9gants, g\u00e9n\u00e9reux, musiciens de surcroit, n\u2019aient pas rencontr\u00e9 l\u2019\u00e2me s\u0153ur\u00a0? La r\u00e9ponse transparait dans le titre \u00e9videmment. M\u00eame si leurs caract\u00e9ristiques physiques leur ont souvent procur\u00e9 des avantages dans la vie courante ou dans le domaine sportif, les surnoms dont on les a affubl\u00e9s (ma puce\/ma girafe) durant toute leur enfance ont contribu\u00e9 \u00e0 d\u00e9velopper en eux des complexes irr\u00e9versibles et la peur de l\u2019autre. Mais un jour chacun est bien d\u00e9cid\u00e9 \u00e0 d\u00e9fier le sort\u00a0: leur profil (un peu \u00e9dulcor\u00e9 bien sur\u2026) \u00ab\u00a0matche\u00a0\u00bb sur un site de rencontres. La suite ressemble \u00e0 un conte de f\u00e9es empreint d\u2019humour\u00a0: foin des diff\u00e9rences physiques, vive la compl\u00e9mentarit\u00e9 et les gouts partag\u00e9s\u00a0! Une romance \u00e9mouvante et r\u00e9jouissante, aux illustrations dr\u00f4les et touchantes.<\/p>\n<h3><strong><em>Un amour sur mesure, <\/em>Roland Fuent\u00e8s, illustr\u00e9 par Alexandra Huard, Album Nathan, 2017<em>.<\/em><\/strong><\/h3>\n<p><img loading=\"lazy\" class=\"alignleft wp-image-8934\" src=\"https:\/\/www.revue-recherches.fr\/wp-content\/uploads\/2024\/05\/un-amour-sur-mesure.jpg\" alt=\"\" width=\"160\" height=\"196\" srcset=\"https:\/\/www.revue-recherches.fr\/wp-content\/uploads\/2024\/05\/un-amour-sur-mesure.jpg 654w, https:\/\/www.revue-recherches.fr\/wp-content\/uploads\/2024\/05\/un-amour-sur-mesure-300x367.jpg 300w\" sizes=\"(max-width: 160px) 100vw, 160px\" \/>L\u2019ouvrage pr\u00e9c\u00e9dent m\u2019a rappel\u00e9 cet album que je n\u2019ai pas eu l\u2019occasion de pr\u00e9senter \u00e0 l\u2019\u00e9poque de sa sortie. Seuls et rejet\u00e9s tous les deux par leurs cong\u00e9n\u00e8res, Garganton, g\u00e9ant minuscule, et Mimolette, naine g\u00e9ante, se rencontrent par hasard apr\u00e8s avoir tent\u00e9 chacun, en vain, de se faire accepter par la communaut\u00e9 de l\u2019autre. Leur chagrin une fois surmont\u00e9, ils comprennent qu\u2019ils peuvent faire abstraction de leur diff\u00e9rence et unir leurs destins\u00a0: il leur faudra juste rejoindre un lieu o\u00f9 ils pourront \u00eatre eux-m\u00eames, ni plus ni moins. Abordable d\u00e8s la maternelle, cette histoire touchante et non d\u00e9nu\u00e9e d\u2019humour (et ce, d\u00e8s le titre), illustr\u00e9e par des dessins tout simples et tr\u00e8s color\u00e9s, met en avant les blessures caus\u00e9es par la mise au ban des \u00ab\u00a0a-normaux\u00a0\u00bb, ceux qui ne rentrent pas dans les cases, tout en pr\u00f4nant l\u2019acceptation de soi et le d\u00e9passement des pr\u00e9jug\u00e9s, m\u00eame si c\u2019est au prix d\u2019un exil permettant de trouver le bonheur.<a href=\"#_ftnref1\" name=\"_ftn1\"><\/a><\/p>\n<h3><strong><em>Les Toutrouges et les Toutbleus<\/em><\/strong><strong>, Julia Donalson et Axel Scheffler, traduit de l\u2019anglais par Catherine Gibert, \u00ab\u00a0L\u2019heure des histoires\u00a0\u00bb, Gallimard Jeunesse, 2023.<\/strong><\/h3>\n<p><img loading=\"lazy\" class=\"wp-image-8933 alignleft\" src=\"https:\/\/www.revue-recherches.fr\/wp-content\/uploads\/2024\/05\/toutrouges-toubleus-scaled.jpg\" alt=\"\" width=\"194\" height=\"174\" srcset=\"https:\/\/www.revue-recherches.fr\/wp-content\/uploads\/2024\/05\/toutrouges-toubleus-scaled.jpg 2560w, https:\/\/www.revue-recherches.fr\/wp-content\/uploads\/2024\/05\/toutrouges-toubleus-300x268.jpg 300w, https:\/\/www.revue-recherches.fr\/wp-content\/uploads\/2024\/05\/toutrouges-toubleus-1024x915.jpg 1024w, https:\/\/www.revue-recherches.fr\/wp-content\/uploads\/2024\/05\/toutrouges-toubleus-1536x1373.jpg 1536w, https:\/\/www.revue-recherches.fr\/wp-content\/uploads\/2024\/05\/toutrouges-toubleus-2048x1831.jpg 2048w\" sizes=\"(max-width: 194px) 100vw, 194px\" \/>Popularis\u00e9e par la sortie du film en octobre 2023, voici une autre d\u00e9clinaison de la n\u00e9cessaire reconnaissance des diff\u00e9rences, incitation humoristique \u00e0 oublier les pr\u00e9jug\u00e9s et \u00e0 c\u00e9l\u00e9brer l\u2019amour quelles que soient l\u2019origine et la culture. Hautement recommandable.<\/p>\n<h3><strong><em>Histoire de la fille qui ne voulait tuer personne<\/em>, J\u00e9r\u00f4me Leroy, Syros, 2023.<\/strong><\/h3>\n<p><img loading=\"lazy\" class=\" wp-image-8896 alignright\" src=\"https:\/\/www.revue-recherches.fr\/wp-content\/uploads\/2024\/05\/fille-qui-ne-voulait-tuer-personne-150x231.jpg\" alt=\"\" width=\"144\" height=\"222\" \/>2069 : Ada, 17 ans, ne voit que des avantages \u00e0 vivre dans une soci\u00e9t\u00e9 qui a banni la violence, pr\u00f4ne l\u2019\u00e9galit\u00e9 entre tous et la sobri\u00e9t\u00e9 \u00e9cologique. En tant que \u00ab pionni\u00e8re \u00bb, elle se doit de montrer l\u2019exemple aux autres jeunes. Mais la doctrine consistant \u00e0 donner la priorit\u00e9 au vivant a \u00e9t\u00e9 mise \u00e0 mal lorsque le peuple de la F\u00e9d\u00e9ration Europ\u00e9enne a vot\u00e9 le r\u00e9tablissement de la peine de mort. Ulc\u00e9r\u00e9e de ce choix, la pr\u00e9sidente Agn\u00e8s C\u0153ur a donc d\u00e9cid\u00e9 que chaque ex\u00e9cution, film\u00e9e tel un spectacle, serait mise en \u0153uvre par un citoyen tir\u00e9 au sort ; elle esp\u00e9rait ainsi qu\u2019on y r\u00e9fl\u00e9chirait \u00e0 deux fois avant de prononcer la peine capitale, ce qui ne fut pas le cas ! Le destin d\u2019Ada, majeure depuis un an, bascule lorsque son nom est tir\u00e9 au sort : en tant que fille de Clara Veen, haute responsable politique fran\u00e7aise ambitieuse et intraitable, il semble impensable qu\u2019elle se d\u00e9robe \u00e0 son \u00ab devoir \u00bb, \u00e0 l\u2019instar de cette jeune m\u00e8re bulgare qui paiera son refus de sa vie. Obs\u00e9d\u00e9e en outre par le fait qu\u2019elle a d\u00e9nonc\u00e9 son p\u00e8re qui fumait quand elle avait 5 ans, Ada prend alors conscience des travers de cette soci\u00e9t\u00e9 englu\u00e9e dans ses contradictions : sous couvert de prot\u00e9ger sa population apr\u00e8s les terribles \u00e9v\u00e8nements qui ont d\u00e9cim\u00e9 la population mondiale (2033-2043), celle-ci est devenue <strong>totalitaire<\/strong>, n\u2019h\u00e9sitant pas \u00e0 rel\u00e9guer au \u00ab Dehors \u00bb nombre de sous-citoyens condamn\u00e9s \u00e0 la mis\u00e8re, \u00e0 la maladie et \u00e0 la violence\u2026 \u00c9prise de Jason Leurtillois, lyc\u00e9en po\u00e8te, plus critique qu\u2019elle, Ada peut compter sur lui et ses amis du \u00ab gang Nerval \u00bb, sur le fr\u00e8re d\u2019adoption de son amoureux, Stan Dialo, ainsi que sur Boris, son grand-p\u00e8re maternel : tous vont prendre des risques, voire se sacrifier, pour organiser sa fuite et essayer d\u2019\u00e9chapper aux policiers lanc\u00e9s \u00e0 ses trousses par sa propre m\u00e8re. Ada et Jason r\u00e9ussiront-ils \u00e0 quitter Rouen, la capitale fran\u00e7aise, pour rejoindre le Portugal, seul \u00e9tat n\u2019appliquant pas les lois rigides et intraitables de la F\u00e9d\u00e9ration Europ\u00e9enne ? Illustrant le proverbe \u00ab L\u2019enfer est pav\u00e9 de bonnes intentions \u00bb, il s\u2019agit d\u2019un r\u00e9cit d\u2019anticipation bien men\u00e9, alternant des points de vue, des lieux et \u00e9poques diff\u00e9rents, d\u2019autant plus effrayant qu\u2019il semble cr\u00e9dible \u00e0 bien des \u00e9gards : il devrait alerter et faire r\u00e9fl\u00e9chir, tout en captivant.<\/p>\n<h3><strong><em>Gal\u00e8re\u00a0!<\/em>, Susie Morgenstern, \u00c9ditions Thierry Magnier, 2023.<\/strong><\/h3>\n<p><img loading=\"lazy\" class=\"size-thumbnail wp-image-8909 alignleft\" src=\"https:\/\/www.revue-recherches.fr\/wp-content\/uploads\/2024\/05\/galere-150x231.jpg\" alt=\"\" width=\"150\" height=\"231\" \/>Le monde s\u2019effondre pour Alex, 15 ans, lorsque Pierre-Louis Charles, son p\u00e8re, est abattu par un d\u00e9s\u00e9quilibr\u00e9. D\u00e9j\u00e0 orphelin de m\u00e8re (tu\u00e9e de la m\u00eame fa\u00e7on\u2026), il doit quitter son Connecticut natal pour s\u2019installer \u00e0 Paris o\u00f9 vit Louis-Pierre, fr\u00e8re jumeau de son p\u00e8re dont il ignorait l\u2019existence. Les premiers mois sont extr\u00eamement difficiles pour Alexandre\u00a0: il a laiss\u00e9 derri\u00e8re lui son meilleur ami Brad, sa copine M\u00e9lissa, son chien ador\u00e9 et ne connait de la langue que le juron favori de son p\u00e8re\u00a0: \u00ab\u00a0Gal\u00e8re\u00a0\u00bb \u2026 \u00c0 d\u00e9faut d\u2019affection, son oncle, homme d\u2019affaires riche, tr\u00e8s occup\u00e9 et distant, lui offre un grand confort mat\u00e9riel, mais surtout, heureusement, embauche Gillian, r\u00e9p\u00e9titrice de fran\u00e7ais devenue rapidement une amie et une confidente pour le jeune expatri\u00e9. Au fur et \u00e0 mesure de ses progr\u00e8s en fran\u00e7ais, Alex sort de sa morosit\u00e9 et de sa col\u00e8re pour d\u00e9couvrir ce qui l\u2019entoure, nourrir des amiti\u00e9s et m\u00eame tomber amoureux d\u2019une camarade de classe, H\u00e9lo\u00efse. L\u2019auteure ne r\u00e9siste pas au plaisir d\u2019\u00e9gratigner au passage le syst\u00e8me scolaire hexagonal qu\u2019Alex trouve insipide et peu chaleureux compar\u00e9 \u00e0 ce qu\u2019il connaissait aux \u00c9tats-Unis. Il se fera fort d\u2019ailleurs d\u2019\u00e9gayer musicalement les mornes journ\u00e9es du lyc\u00e9e avec son nouvel ami Victor, et de confronter certains profs \u00e0 leur mani\u00e8re d\u2019enseigner. Mais le choc ne sera pas que culturel pour Alex, bien d\u00e9cid\u00e9 \u00e0 lever quelques secrets de famille bien gard\u00e9s\u00a0: cela lui permettra de comprendre pourquoi son p\u00e8re, normalien brillant, g\u00e9nie des math\u00e9matiques et excellent musicien, a coup\u00e9 radicalement les ponts avec son pass\u00e9, sa famille et son pays. La lecture de lettres trouv\u00e9es dans un grenier, les discussions avec son adorable grand-tante \u00c9lisabeth vivant \u00e0 Nice et ses propres recherches le conduiront \u00e0 la v\u00e9rit\u00e9\u00a0: sans le savoir, son p\u00e8re s\u2019\u00e9tait li\u00e9 \u00e0 la mafia, d\u2019o\u00f9 son exil. Comme le remarque le narrateur, ce r\u00e9cit \u00e0 la premi\u00e8re personne commence et se termine par l\u2019\u00e9vocation d\u2019un enterrement\u00a0; pourtant, cet \u00ab\u00a0Am\u00e9ricain \u00e0 Paris\u00a0\u00bb dont Susie Morgenstern pourrait dire \u00e0 certains \u00e9gards\u00a0: \u00ab\u00a0Alex, c\u2019est moi\u00a0!\u00a0\u00bb, fait preuve d\u2019un bel optimisme et de beaucoup d\u2019humour malgr\u00e9 les \u00e9preuves\u00a0et les menaces, bien d\u00e9cid\u00e9 \u00e0 vivre un nouvel avenir plein de promesses.<\/p>\n<h2 id=\"nouvo23\"><strong>Nouveaut\u00e9s en mati\u00e8re d\u2019\u00e9ditions et de collections<\/strong><\/h2>\n<h5><strong>GALLIMARD JEUNESSE<\/strong><\/h5>\n<h3><strong>\u00ab La vie commence en sixi\u00e8me \u00bb, tome 1, <em>Catarina<\/em>, Alice Butaud, 2023.<\/strong><\/h3>\n<p><strong> <img loading=\"lazy\" class=\"size-thumbnail wp-image-8890 alignright\" src=\"https:\/\/www.revue-recherches.fr\/wp-content\/uploads\/2024\/05\/Catarina-150x231.jpg\" alt=\"\" width=\"150\" height=\"231\" \/><\/strong>Nouvelle s\u00e9rie humoristique mettant en sc\u00e8ne cinq amis surnomm\u00e9s \u00ab\u00a0La bande des thons\u00a0\u00bb. Ce premier tome est narr\u00e9 par Catarina qui va \u00ab\u00a0sauver la vie\u00a0\u00bb de ses parents en comprenant le langage de son nouveau petit fr\u00e8re Jonas, tout en n\u2019\u00e9tant pas insensible au charme d\u2019Azamat, un nouvel \u00e9l\u00e8ve arriv\u00e9 d\u2019Afghanistan. Chronique familiale et amicale amusante se d\u00e9roulant lors d\u2019une premi\u00e8re ann\u00e9e de coll\u00e8ge tant attendue. <strong><em>Idriss<\/em><\/strong> (2024), Esther, Ninon et Pablo prendront (sans doute\u2026) le relai pour donner leur point de vue.<\/p>\n<h5><strong>FLAMMARION JEUNESSE<\/strong><\/h5>\n<h3><strong>\u00ab\u00a0Les Enqu\u00eates de Lya et Mathis\u00a0\u00bb\u00a0: <em>Myst\u00e8res dans les rapides<\/em>, Estelle Vidard, illustr\u00e9 par Benjamin Stickler, Castor Romans, 2023.<\/strong><\/h3>\n<p><img loading=\"lazy\" class=\"size-thumbnail wp-image-8922 alignleft\" src=\"https:\/\/www.revue-recherches.fr\/wp-content\/uploads\/2024\/05\/Mysteres-dans-les-rapides-1-150x231.jpg\" alt=\"\" width=\"150\" height=\"231\" \/>Pr\u00e9sent\u00e9e comme \u00ab\u00a0une s\u00e9rie d\u2019enqu\u00eates pour d\u00e9couvrir la France \u00e0 travers son patrimoine\u00a0\u00bb, cet opus ainsi que les autres intitul\u00e9s <strong><em>L\u2019\u00c9nigme des graffitis<\/em><\/strong> et <strong><em>Disparition sous la neige<\/em><\/strong>, met en sc\u00e8ne Lya et Mathis vivant dans une famille recompos\u00e9e.<img loading=\"lazy\" class=\" wp-image-8902 alignright\" src=\"https:\/\/www.revue-recherches.fr\/wp-content\/uploads\/2024\/05\/Lenigme-des-graffitis-150x231.jpg\" alt=\"\" width=\"113\" height=\"174\" \/> \u00c2g\u00e9s de 9 ans, ils se retrouvent dans des lieux diff\u00e9rents durant les vacances, que ce soit dans les Gorges de l\u2019Ard\u00e8che, en Charente-Maritime ou dans la vall\u00e9e de Chamonix, o\u00f9 ils jouent les d\u00e9tectives amateurs. Lecture facilit\u00e9e par les nombreux dialogues. Les deuxi\u00e8me et troisi\u00e8me de couvertures \u00e0 rabats pr\u00e9sentent la famille recompos\u00e9e ainsi que les principaux sites touristiques de la r\u00e9gion \u00e9voqu\u00e9e.<\/p>\n<p>Sans toujours entrer dans le d\u00e9tail, je signale certains nouveaux titres de s\u00e9ries ou de collections d\u00e9j\u00e0 pr\u00e9sent\u00e9es ou \u00e9voqu\u00e9es au sein d\u2019autres chroniques.<\/p>\n<h5 style=\"text-align: center;\"><strong>Chez Gallimard Jeunesse<\/strong><\/h5>\n<h3><strong>\u00ab\u00a0Mes premi\u00e8res d\u00e9couvertes\u00a0\u00bb\u00a0: <em>Robots. Qu\u2019est-ce qu\u2019un <img loading=\"lazy\" class=\"alignleft wp-image-8929\" src=\"https:\/\/www.revue-recherches.fr\/wp-content\/uploads\/2024\/05\/robots-150x231.jpg\" alt=\"\" width=\"110\" height=\"159\" srcset=\"https:\/\/www.revue-recherches.fr\/wp-content\/uploads\/2024\/05\/robots-300x434.jpg 300w, https:\/\/www.revue-recherches.fr\/wp-content\/uploads\/2024\/05\/robots-1024x1483.jpg 1024w, https:\/\/www.revue-recherches.fr\/wp-content\/uploads\/2024\/05\/robots-1061x1536.jpg 1061w, https:\/\/www.revue-recherches.fr\/wp-content\/uploads\/2024\/05\/robots.jpg 1299w\" sizes=\"(max-width: 110px) 100vw, 110px\" \/>andro\u00efde<\/em>\u00a0?, Emmanuelle Kecir-Lepetit, illustrations d\u2019Agn\u00e8s Yvan, <\/strong>et<strong> <em>Volcans. Un volcan est-il une montagne\u00a0?,<\/em> Sophie Bordet-P\u00e9tillon, illustrati<\/strong><strong>ons d\u2019Aur\u00e9lie Verdon, 2023.<\/strong><\/h3>\n<h3><\/h3>\n<p><img loading=\"lazy\" class=\"alignleft wp-image-8938\" src=\"https:\/\/www.revue-recherches.fr\/wp-content\/uploads\/2024\/05\/volcans-150x231.jpg\" alt=\"\" width=\"110\" height=\"159\" srcset=\"https:\/\/www.revue-recherches.fr\/wp-content\/uploads\/2024\/05\/volcans-300x433.jpg 300w, https:\/\/www.revue-recherches.fr\/wp-content\/uploads\/2024\/05\/volcans-1024x1480.jpg 1024w, https:\/\/www.revue-recherches.fr\/wp-content\/uploads\/2024\/05\/volcans-1063x1536.jpg 1063w, https:\/\/www.revue-recherches.fr\/wp-content\/uploads\/2024\/05\/volcans.jpg 1299w\" sizes=\"(max-width: 110px) 100vw, 110px\" \/>D\u00e9j\u00e0 riche d\u2019une quinzaine de titres, cette collection de documentaires anim\u00e9s aborde des th\u00e8mes tr\u00e8s vari\u00e9s susceptibles de r\u00e9pondre de fa\u00e7on pr\u00e9cise et agr\u00e9able aux questions des 4-7 ans\u00a0; petit plus\u00a0: 40 volets \u00e0 soulever et des surprises \u00e0 d\u00e9couvrir\u2026<\/p>\n<h3><strong><img loading=\"lazy\" class=\"alignleft wp-image-8895 \" src=\"https:\/\/www.revue-recherches.fr\/wp-content\/uploads\/2024\/05\/Emile-musee.jpg\" alt=\"\" width=\"177\" height=\"212\" srcset=\"https:\/\/www.revue-recherches.fr\/wp-content\/uploads\/2024\/05\/Emile-musee.jpg 1299w, https:\/\/www.revue-recherches.fr\/wp-content\/uploads\/2024\/05\/Emile-musee-300x359.jpg 300w, https:\/\/www.revue-recherches.fr\/wp-content\/uploads\/2024\/05\/Emile-musee-1024x1225.jpg 1024w, https:\/\/www.revue-recherches.fr\/wp-content\/uploads\/2024\/05\/Emile-musee-1284x1536.jpg 1284w\" sizes=\"(max-width: 177px) 100vw, 177px\" \/>\u00ab\u00a0Giboul\u00e9es\u00a0\u00bb\u00a0: <em>\u00c9mile visite le mus\u00e9e<\/em>, Vincent Cuvelier et Ronan Badel, 2023<\/strong>.<\/h3>\n<p>Un nouvel opus d\u00e9sopilant des aventures d\u2019\u00c9mile\u00a0: de quoi voir les mus\u00e9es d\u2019un autre \u0153il\u2026 Humour garanti\u00a0!<\/p>\n<p>&nbsp;<\/p>\n<h3><strong><img loading=\"lazy\" class=\"wp-image-8898 alignleft\" src=\"https:\/\/www.revue-recherches.fr\/wp-content\/uploads\/2024\/05\/40-realisateurs-150x231.jpg\" alt=\"\" width=\"141\" height=\"217\" \/>\u00ab\u00a0Bam\u00a0!\u00a0\u00bb\u00a0: <em>Cin\u00e9ma. 40 r\u00e9alisateurs et r\u00e9alisatrices<\/em>, David Honnorat et J\u00e9r\u00f4me Masi, 2023<\/strong>.<\/h3>\n<p>De Georges M\u00e9li\u00e8s \u00e0 Greta Gerwig, l\u2019auteur brosse un panorama de cin\u00e9astes qui, de son point de vue, ont marqu\u00e9 l\u2019histoire du cin\u00e9ma. M\u00eame si la parit\u00e9 n\u2019est pas tout \u00e0 fait respect\u00e9e, les femmes sont \u00e0 l\u2019honneur : ouvrage synth\u00e9tique et int\u00e9ressant.<\/p>\n<h5 style=\"text-align: center;\"><strong>Chez Casterman<\/strong><\/h5>\n<h3><img loading=\"lazy\" class=\"alignleft wp-image-8905 \" src=\"https:\/\/www.revue-recherches.fr\/wp-content\/uploads\/2024\/05\/moi-jaime-pas.jpg\" alt=\"\" width=\"161\" height=\"199\" srcset=\"https:\/\/www.revue-recherches.fr\/wp-content\/uploads\/2024\/05\/moi-jaime-pas.jpg 346w, https:\/\/www.revue-recherches.fr\/wp-content\/uploads\/2024\/05\/moi-jaime-pas-300x370.jpg 300w\" sizes=\"(max-width: 161px) 100vw, 161px\" \/>\u00ab\u00a0<strong>Casterminouche\u00a0\u00bb\u00a0: <em>Moi, j\u2019aime pas comme je suis<\/em>, Alma Brami et Thierry Manes, 2023.<\/strong><\/h3>\n<p>Malgr\u00e9 les mots rassurants de sa maman, la narratrice n\u2019aime pas du tout son physique. Elle voudrait \u00eatre belle comme Sonia et r\u00eave de devenir une star. Mais quand elle d\u00e9couvre que Thomas en pince pour elle, elle prend enfin confiance en elle et s\u2019accepte. Accessible d\u00e8s la maternelle, une histoire aux illustrations toutes douces pour \u00e9vacuer les complexes, retrouver l\u2019estime de soi et, qui sait, rencontrer un premier \u00ab\u00a0amoureux\u00a0\u00bb.<\/p>\n<h3><strong><img loading=\"lazy\" class=\" wp-image-8891 alignleft\" src=\"https:\/\/www.revue-recherches.fr\/wp-content\/uploads\/2024\/05\/chemin-du-bonheur-150x231.jpg\" alt=\"\" width=\"122\" height=\"188\" \/>\u00ab\u00a0Les Petites Lumi\u00e8res\u00a0\u00bb\u00a0: <em>Le chemin du bonheur<\/em>, Chiara Pastorini et Annick Masson, 2023<\/strong>.<\/h3>\n<p>Marcello n\u2019a pas le moral aujourd\u2019hui. Au cours d\u2019une balade, sa maman lui apprend qu\u2019il faut savoir rep\u00e9rer et cultiver tous les petits bonheurs de la vie.<\/p>\n<h5 style=\"text-align: center;\"><strong>Chez Syros<\/strong><\/h5>\n<h3><strong><em><img loading=\"lazy\" class=\"size-thumbnail wp-image-8908 alignleft\" src=\"https:\/\/www.revue-recherches.fr\/wp-content\/uploads\/2024\/05\/obsessions-150x231.jpg\" alt=\"\" width=\"150\" height=\"231\" \/>Obsessions<\/em><\/strong><strong>\u00a0; <em>Amn\u00e9sie<\/em>, Dani\u00e8le Thi\u00e9ry, 2022\u00a0; 2024<\/strong>.<\/h3>\n<p>Suite des aventures d\u2019Olympe (<a href=\"https:\/\/www.revue-recherches.fr\/?p=8050\" target=\"_blank\" rel=\"noopener\">cf. <strong><em>Cannibale<\/em><\/strong> et <strong><em>L\u2019Ange obscur<\/em><\/strong>, pr\u00e9sent\u00e9s en 2022<\/a>), fille du capitaine Anthony Marin. Avec son amie Salom\u00e9, Olympe suit les enseignements de droit \u00e0 la facult\u00e9 de Nancy ; toutes deux sont passionn\u00e9es par les cours de criminologie du professeur Alexis C\u00e9sar, mais pas forc\u00e9ment pour les m\u00eames raisons\u2026 Olympe se sent souvent \u00e9pi\u00e9e et aper\u00e7oit soudain dans l\u2019amphi Rafa\u00ebl, son amoureux disparu depuis deux ans. Elle le reverra fugacement plusieurs fois, mais ni Salom\u00e9, ni la famille Cottin, ni le sergent Johnny Vaillant ne la croient, pas plus que son p\u00e8re absorb\u00e9 par la traque d\u2019un pervers s\u00e9vissant entre \u00c9pinal et Nancy. Comme \u00e0 son habitude, Olympe n\u2019en fera qu\u2019\u00e0 sa t\u00eate, s\u2019arrogeant un r\u00f4le d\u2019enqu\u00eatrice avant l\u2019heure, pr\u00eate \u00e0 mentir, \u00e0 manipuler les autres et \u00e0 se jeter dans la gueule du loup\u2026 Parfois na\u00efve et aveugl\u00e9e, elle n\u2019en demeure pas moins opini\u00e2tre, contribuant ainsi \u00e0 faire avancer deux enqu\u00eates qui, fatalement, se rejoindront. Fausses pistes, indices que les plus fut\u00e9s rep\u00e9reront, secret de famille, suspense, \u00e9motion sont au rendez-vous dans un r\u00e9cit s\u2019acc\u00e9l\u00e9rant vers un final haletant qui ravira les lecteurs adolescents ayant appr\u00e9ci\u00e9 les deux premiers opus.<br \/>\n<img loading=\"lazy\" class=\"size-thumbnail wp-image-8900 alignright\" src=\"https:\/\/www.revue-recherches.fr\/wp-content\/uploads\/2024\/05\/amnesie-150x231.jpg\" alt=\"\" width=\"150\" height=\"231\" \/>La quatri\u00e8me intrigue ne d\u00e9roge pas \u00e0 la r\u00e8gle\u2026 Toute la famille d\u2019Olympe a rejoint Bordeaux, Antony Marin ayant \u00e9t\u00e9 promu commandant. Notre h\u00e9ro\u00efne poursuit son cursus de criminologie et cohabite avec son amie Salom\u00e9 qui l\u2019a suivie. Selon un sc\u00e9nario bien \u00e9tabli \u00e0 pr\u00e9sent, Olympe se retrouve impliqu\u00e9e dans une nouvelle affaire comportant plusieurs volets qu\u2019elle seule met en relation\u00a0: une lettre manuscrite \u00e0 l\u2019orthographe d\u00e9faillante avouant des meurtres, cach\u00e9e dans une vieille commode, puis un crime commis devant le dojo o\u00f9 elle s\u2019entraine au karat\u00e9 dont la victime, un certain Genevoix, fut condamn\u00e9e quatorze ans auparavant pour des meurtres toujours ni\u00e9s\u2026 Elle s\u2019interroge par ailleurs sur le comportement \u00e9trange de Lounis, qui ne semble pas appr\u00e9cier le karat\u00e9 autant qu\u2019elle. Contrairement \u00e0 son p\u00e8re oblig\u00e9 de respecter les limites de la l\u00e9galit\u00e9, Olympe, toujours aussi fougueuse et culott\u00e9e, m\u00e8ne \u00e0 nouveau l\u2019enqu\u00eate, r\u00e9ussissant \u00e0 obtenir, en douce, l\u2019aide de Cl\u00e9mence Zeller, la nouvelle adjointe du commandant. La jeune femme se retrouve de nouveau en tr\u00e8s mauvaise posture, avant que sa famille, ses amis ainsi qu\u2019Adrien, son amoureux, ne puissent c\u00e9l\u00e9brer sa bravoure et ses exceptionnelles qualit\u00e9s d\u2019enqu\u00eatrice.<\/p>\n<h3><strong><em>Go fast Go slow<\/em><\/strong><strong> ; <em>Sorry Mom<\/em>, Sylvie Allouche, Syros 2022 ; 2024.<\/strong><\/h3>\n<p><img loading=\"lazy\" class=\" wp-image-8910 alignleft\" src=\"https:\/\/www.revue-recherches.fr\/wp-content\/uploads\/2024\/05\/go-fast-150x231.jpg\" alt=\"\" width=\"145\" height=\"223\" \/>Toujours aussi addictives, voici deux nouvelles enqu\u00eates de \u00ab\u00a0la meilleure flic de France\u00a0\u00bb (dont les trois premi\u00e8res ont \u00e9t\u00e9 respectivement pr\u00e9sent\u00e9es en <a href=\"https:\/\/www.revue-recherches.fr\/?p=7132\" target=\"_blank\" rel=\"noopener\">2020<\/a> et <a href=\"https:\/\/www.revue-recherches.fr\/?p=8050\" target=\"_blank\" rel=\"noopener\">2022<\/a>). M\u00ealant habilement trois fils narratifs, l\u2019intrigue suit le parcours de Camille, condamn\u00e9e \u00e0 7 ans de prison pour trafic de drogue : Tommy, son amour de jeunesse, est mort lors de leur interpellation et elle a \u00e9t\u00e9 s\u00e9par\u00e9e de sa fille Romy dont elle a accouch\u00e9 en d\u00e9tention. D\u00e9cid\u00e9e \u00e0 se reconstruire \u00e0 sa sortie, elle est malheureusement rattrap\u00e9e par son pass\u00e9 et soumise au chantage de l\u2019Indien, trafiquant notoire que l\u2019\u00e9quipe de Clara poursuit, alors que cette derni\u00e8re part en urgence rejoindre sa soeur Lisa et sa ni\u00e8ce Lilo \u00e0 Saint Malo : il semblerait qu\u2019on ait retrouv\u00e9 Vincent, leur fr\u00e8re et oncle disparu\u2026 Aucun temps mort dans ce r\u00e9cit tr\u00e8s dialogu\u00e9 mettant en sc\u00e8ne des personages attachants et complexes, pour la plupart (except\u00e9s les \u00ab m\u00e9chants \u00bb) p\u00e9tris d\u2019humanit\u00e9. Bien document\u00e9e, sans \u00eatre didactique, la fiction aborde de multiples probl\u00e8mes de soci\u00e9t\u00e9 tels la vie en prison, le trafic de drogue, mais \u00e9galement toutes les facettes des liens familiaux dans leurs aspects les plus tragiques ou les plus merveilleux.<br \/>\n<img loading=\"lazy\" class=\"size-thumbnail wp-image-8931 alignright\" src=\"https:\/\/www.revue-recherches.fr\/wp-content\/uploads\/2024\/05\/sorry-mom-150x231.jpg\" alt=\"\" width=\"150\" height=\"231\" \/>Le tome suivant ne d\u00e9roge pas \u00e0 la r\u00e8gle du puzzle qu\u2019il faudra reconstituer; \u00e0 son corps d\u00e9fendant, l\u2019\u00e9quipe de Clara h\u00e9rite d\u2019une affaire se complexifiant \u00e0 vue d\u2019\u0153il : qui est cette femme inconnue, battue et jet\u00e9e nue comme un vulgaire d\u00e9chet dans la poubelle d\u2019un quartier chaud ? Et ce jeune garcon muet, bien mal en point, d\u00e9couvert au fond d\u2019une cave de ce m\u00eame quartier ? L\u2019imp\u00e9tueuse et volcanique Clara doit en outre g\u00e9rer l\u2019arriv\u00e9e de Lilo, en stage dans son commissariat ainsi que le retour pour deux mois de son amoureux Antoine, parti depuis un an \u00e9tudier la criminologie \u00e0 Quantico, sans compter les projets de promotion que son chef Vernon \u00e9labore pour elle ! Ce dernier point l\u2019am\u00e8ne \u00e0 faire la connaisance de Manon Desprats, une journaliste opini\u00e2tre qui veut absolument mettre Alain Malherbes, le ministre de l\u2019int\u00e9rieur, face \u00e0 ses responsabilit\u00e9s d\u2019ancien \u00e9lu. Par ailleurs, Jules, le fils de ce dernier ressent constamment un mal \u00eatre qui l\u2019am\u00e8ne \u00e0 se d\u00e9truire. Les fils se nouent progressivement : Clara d\u00e9cide de faire confiance \u00e0 Manon qui va les aider dans leurs recherches les menant en Belgique o\u00f9 l\u2019assassinat de l\u2019inconnue trouve ses racines. Lilo, quant \u00e0 elle, \u00e9paulera \u00e9galement cette \u00e9quipe si soud\u00e9e dont l\u2019implication sera \u00e0 nouveau quasiment fatale \u00e0 un autre de ses membres. Cette fois encore, la famille et l\u2019infinie vari\u00e9t\u00e9 des sentiments qu\u2019elle suscite semble au c\u0153ur de l\u2019intrigue : enfants que l\u2019on est oblig\u00e9 d\u2019abandonner, enfants que l\u2019on d\u00e9sire au point d\u2019en devenir criminel, enfants que l\u2019on veut gu\u00e9rir, enfants que l\u2019on veut prot\u00e9ger, enfants maltrait\u00e9s\u2026 Les liens \u00e0 la m\u00e8re sont finement d\u00e9cortiqu\u00e9s et les lecteurs d\u00e9couvriront avec \u00e9tonnement l\u2019existence, dans certains pays, des \u00ab boites \u00e0 b\u00e9b\u00e9s \u00bb, variante moderne des tours d\u2019abandon d\u2019autrefois\u2026 Intrigue passionnante et prenante.<\/p>\n<h2 id=\"rezo24\">DES NOUVELLES DES R\u00c9SEAUX D\u00c9J\u00c0 PR\u00c9SENT\u00c9S<\/h2>\n<h3 style=\"text-align: center;\"><a href=\"http:\/\/www.revue-recherches.fr\/wp-content\/uploads\/2020\/06\/171-185_R68_Vlieghe.pdf\" target=\"_blank\" rel=\"noopener noreferrer\"><strong><span style=\"color: #ca3a08;\">EXILS<\/span><\/strong><strong><span style=\"color: #ca3a08;\"> E<\/span><\/strong><strong><span style=\"color: #ca3a08;\">T<\/span><\/strong><strong><span style=\"color: #ca3a08;\"> MIGRATIONS<\/span><\/strong><\/a><\/h3>\n<h3><strong><em>Un autre rivage<\/em>, Chlo\u00e9 Alm\u00e9ras, Gallimard Jeunesse, 2022.<\/strong><\/h3>\n<p><img loading=\"lazy\" class=\"size-thumbnail wp-image-8935 alignleft\" src=\"https:\/\/www.revue-recherches.fr\/wp-content\/uploads\/2024\/05\/un-autre-rivage-150x231.jpg\" alt=\"\" width=\"150\" height=\"231\" \/>La jeune narratrice, sa s\u0153ur Eda et leurs parents, Ouma et Joroun, doivent fuir leur village englouti par les eaux. Commence alors une longue errance dans de fr\u00eales esquifs, les maigres repas, l\u2019interdiction d\u2019accoster sur d\u2019autres iles, le naufrage et, enfin, l\u2019accueil par des iliens g\u00e9n\u00e9reux pratiquant l\u2019hospitalit\u00e9 et la solidarit\u00e9. Volontairement optimiste, cet album aux illustrations na\u00efves et color\u00e9es fait la part belle \u00e0 l\u2019imaginaire et \u00e0 la po\u00e9sie \u00e0 travers le r\u00e9cit sans pathos de la narratrice, fille d\u2019un couple mixte, qui recommencera une nouvelle vie avec sa famille parmi d\u2019autres terriens, devenus leurs amis. Car, comme le dit l\u2019auteure\u00a0: \u00ab\u00a0La terre est la maison de tous les hommes.\u00a0\u00bb<\/p>\n<h3><strong><em>Un si petit jouet<\/em>, Ir\u00e8ne Cohen-Janca, mis en images par Brice Postma Uzel, Les \u00e9ditions des \u00c9l\u00e9phants, 2022.<\/strong><\/h3>\n<p><img loading=\"lazy\" class=\"alignright wp-image-8936 \" src=\"https:\/\/www.revue-recherches.fr\/wp-content\/uploads\/2024\/05\/un-si-petit-jouet.jpg\" alt=\"\" width=\"226\" height=\"226\" srcset=\"https:\/\/www.revue-recherches.fr\/wp-content\/uploads\/2024\/05\/un-si-petit-jouet.jpg 556w, https:\/\/www.revue-recherches.fr\/wp-content\/uploads\/2024\/05\/un-si-petit-jouet-300x300.jpg 300w\" sizes=\"(max-width: 226px) 100vw, 226px\" \/>Faisant \u00e9cho \u00e0 deux autres r\u00e9cits d\u00e9j\u00e0 pr\u00e9sent\u00e9s, <strong><em>Comment mettre une baleine dans une valise<\/em><\/strong> (<a href=\"https:\/\/www.revue-recherches.fr\/?p=8050\" target=\"_blank\" rel=\"noopener\">2022<\/a>) et <strong><em>Kissou<\/em><\/strong> (<a href=\"https:\/\/www.revue-recherches.fr\/?p=8550\" target=\"_blank\" rel=\"noopener\">2023<\/a>), ce petit album au format carr\u00e9 met en sc\u00e8ne les doctes affirmations d\u2019une petite fille pr\u00e9sentant son jouet pr\u00e9f\u00e9r\u00e9, sa poup\u00e9e L\u00e9o, pr\u00e9nom court et toute petite taille. Ce n\u2019est qu\u2019apr\u00e8s avoir d\u00e9taill\u00e9 comment elle joue avec sa poup\u00e9e, comment elle s\u2019occupe d&rsquo;elle et \u00e0 quel point elle l\u2019aime que la narratrice expliquera qu\u2019elle a d\u00fb fuir la guerre faisant rage dans son pays en abandonnant son ours blanc Noki, trop grand pour entrer dans sa valise\u2026 Alors, mieux vaut pr\u00e9voir : s\u2019il faut fuir de nouveau, elle pourra emporter L\u00e9o avec elle. L\u2019exil et le d\u00e9racinement sont \u00e9voqu\u00e9s avec beaucoup de d\u00e9licatesse et sans pathos ; finalement, la narratrice se fait une amie, quand elle d\u00e9couvre que Flora poss\u00e8de elle aussi une tr\u00e8s petite poup\u00e9e nomm\u00e9e Pipa, facilement d\u00e9pla\u00e7able et transportable car, ses parents \u00e9tant s\u00e9par\u00e9s, elle passe d\u2019une maison \u00e0 l\u2019autre. Le texte r\u00e9dig\u00e9 \u00e0 la premi\u00e8re personne en capitales d\u2019imprimerie s\u2019ins\u00e8re dans des illustrations pleine page, tr\u00e8s color\u00e9es (rouge, vert, bleu nuit) compos\u00e9es, entre autres, de silhouettes disproportionn\u00e9es, vues de profil.<\/p>\n<h4 style=\"text-align: center;\"><a href=\"http:\/\/www.revue-recherches.fr\/wp-content\/uploads\/2019\/05\/181-195_R66_Vlieghe.pdf\" target=\"_blank\" rel=\"noopener\">TERRORISME<\/a><\/h4>\n<h3><strong><em>Le Jour o\u00f9 tout a bascul\u00e9, <\/em><\/strong><strong>Julie Buxbaum, traduit de l\u2019anglais (\u00c9tats-Unis) par Benjamin Kuntzer, PKJ, 2022.<\/strong><\/h3>\n<p>Ce jour l\u00e0, le 11 septembre 2001, Abbi Hope Goldstein f\u00eatait son <img loading=\"lazy\" class=\" wp-image-8901 alignleft\" src=\"https:\/\/www.revue-recherches.fr\/wp-content\/uploads\/2024\/05\/le-jour-ou-tout-a-bascule-150x231.jpg\" alt=\"\" width=\"145\" height=\"223\" \/>premier anniversaire \u00e0 la cr\u00e8che du World Trade Center. La photo de son sauvetage par Connie Kramer a fait le tour du monde\u00a0: on l\u2019a surnomm\u00e9e \u00ab\u00a0Baby Hope\u00a0\u00bb, symbole qui lui p\u00e8se et auquel elle refuse de s\u2019identifier. Ses parents, des survivants eux aussi, sont s\u00e9par\u00e9s mais habitent dans la m\u00eame rue pour mieux la couver\u2026 Craignant d\u2019\u00eatre atteinte du \u00ab\u00a0syndrome du WTC\u00a0\u00bb, Abbi leur cache sa toux s\u00e8che et les saignements qui l\u2019affectent, pr\u00e9f\u00e8rant se r\u00e9jouir de pouvoir encadrer de jeunes enfants en camp de vacances. Elle y fait la connaissance de Noah Stern, un peu plus jeune qu\u2019elle, obs\u00e9d\u00e9 par son p\u00e8re port\u00e9 disparu, puis d\u00e9clar\u00e9 mort suite \u00e0 l\u2019attentat. Il croit le reconnaitre sur la fameuse photo et d\u00e9cide, sous couvert d\u2019\u00e9crire des articles pour le journal du lyc\u00e9e, de rencontrer toutes les personnes qui figurent dessus, car il veut croire que son p\u00e8re est peut \u00eatre encore vivant. Il sollicite l\u2019aide d\u2019Abbi\u00a0; tr\u00e8s r\u00e9ticente au d\u00e9but, elle finit par accepter de l\u2019accompagner chez les survivant\u00b7e\u00b7s. Car de nombreuses personnes, dont Connie, sont mortes suite \u00e0 l\u2019inhalation des gaz toxiques ayant satur\u00e9 l\u2019air apr\u00e8s les explosions. Ce sera pour les deux protagonistes l\u2019occasion de mieux comprendre leur histoire, ce qui les a fa\u00e7onn\u00e9s et de regarder l\u2019avenir plus sereinement. Alternant le point de vue \u00e0 la premi\u00e8re personne d\u2019Abbi et de Noah, l\u2019auteure r\u00e9ussit non seulement \u00e0 rendre compte de leurs questionnements et \u00e9motions ainsi que de leur \u00e9volution, mais \u00e9galement \u00e0 faire vivre tous ceux qui les entourent, parents, amis\u00a0; et surtout, \u00e0 donner la parole aux survivant\u00b7e\u00b7s de la trag\u00e9die pour lesquels il y aura toujours un Avant et un Apr\u00e8s. Un r\u00e9cit sensible et optimiste sans pathos.<\/p>\n<h4><strong><a href=\"http:\/\/www.revue-recherches.fr\/wp-content\/uploads\/2018\/11\/des_nouvelles_de_la_litterature.pdf\" target=\"_blank\" rel=\"noopener\">CLONAGE\/MANIPULATIONS G\u00c9N\u00c9TIQUES<\/a> ; <a href=\"http:\/\/www.revue-recherches.fr\/wp-content\/uploads\/2014\/06\/213_chronique_R38.pdf\" target=\"_blank\" rel=\"noopener\">SOCI\u00c9T\u00c9S TOTALITAIRES<\/a><\/strong><\/h4>\n<h3><strong><em>M\u00e9to Zone noire<\/em><\/strong><strong>, Yves Grevet, Syros, 2022.<\/strong><\/h3>\n<p><img loading=\"lazy\" class=\"size-thumbnail wp-image-8920 alignright\" src=\"https:\/\/www.revue-recherches.fr\/wp-content\/uploads\/2024\/05\/meto-1-150x231.jpg\" alt=\"\" width=\"150\" height=\"231\" \/>La c\u00e9l\u00e8bre trilogie de l\u2019auteur (cf. <a href=\"http:\/\/www.revue-recherches.fr\/?p=5142\" target=\"_blank\" rel=\"noopener\">Printemps-\u00e9t\u00e9 2018<\/a>, <strong>M\u00e9to : <em>La Maison<\/em>, <em>L\u2019Ile<\/em>, <em>Le Monde<\/em>, 2018<\/strong>) trouve ici une suite, m\u00eame si l\u2019\u00e9diteur affirme que cet opus peut se lire s\u00e9par\u00e9ment. Simultan\u00e9ment paraissent chez Gl\u00e9nat trois bandes dessin\u00e9es, dont l\u2019action se d\u00e9roule \u00e0 la m\u00eame \u00e9poque que celle de la trilogie ; elles mettent en sc\u00e8ne des personnages secondaires du roman qui jouent cependant un r\u00f4le important aupr\u00e8s de M\u00e9to et de ses amis :<strong><em> Nestorius<\/em><\/strong><em>, <\/em>monstre-soldat, <strong><em>Ursina<\/em><\/strong>, espionne et <strong><em>Joe<\/em><\/strong>, enfant abandonn\u00e9 par ses parents. \u00c2g\u00e9 \u00e0 pr\u00e9sent de 17 ans, M\u00e9to a n\u00e9goci\u00e9 de vivre libre sur l\u2019ile d\u2019H\u00e9lios avec ceux qu\u2019il a d\u00e9livr\u00e9s des Maisons, contre la promesse de ne pas r\u00e9pandre la r\u00e9volte sur le continent. Mais il est contraint de p\u00e9n\u00e9trer dans la Zone noire, contamin\u00e9e depuis la troisi\u00e8me guerre mondiale, afin d\u2019y livrer une ran\u00e7on suite \u00e0 l\u2019enl\u00e8vement de sa jeune s\u0153ur. Commence alors une aventure haletante, narr\u00e9e \u00e0 la premi\u00e8re personne par le h\u00e9ros, heureusement soutenu par ses amis, son amoureuse Caelina ainsi que des opposants au r\u00e9gime totalitaire, les Chiendents. Il leur faudra \u00e0 tous beaucoup d\u2019astuce et de courage pour d\u00e9livrer les enfants de cette derni\u00e8re Maison, faire \u00e9clater la v\u00e9rit\u00e9 et renverser la dictature en place.<\/p>\n<h2 id=\"reedit24\">R\u00c9\u00c9DITIONS OU PARUTIONS AU FORMAT DE POCHE DE TITRES D\u00c9J\u00c0 \u00c9VOQU\u00c9S (ou pas, d\u2019ailleurs\u2026)<\/h2>\n<h5 style=\"text-align: center;\">Aux \u00e9ditions Flammarion Jeunesse<\/h5>\n<h3><strong><em>Le Meilleur Loup de l\u2019ann\u00e9e<\/em><\/strong><strong>, G\u00e9raldine Maincent et Roland <\/strong><strong>Garrigue, P\u00e8re Castor, 2023.<\/strong><\/h3>\n<h3><strong><em><img loading=\"lazy\" class=\"wp-image-8919 alignleft\" src=\"https:\/\/www.revue-recherches.fr\/wp-content\/uploads\/2024\/05\/meilleur-loup-1-150x231.jpg\" alt=\"\" width=\"98\" height=\"151\" \/><\/em><\/strong><\/h3>\n<p>Afin de d\u00e9terminer qui remportera le prix du plus m\u00e9chant\/affreux\/terrible loup, tous ceux qui pars\u00e8ment les contes les plus connus se rassemblent lors d\u2019un festival. Humour et surprises garantis\u00a0: les loups ne sont plus forc\u00e9ment ce qu\u2019ils \u00e9taient\u2026<\/p>\n<h3><strong><em><img loading=\"lazy\" class=\"wp-image-8897 alignleft\" src=\"https:\/\/www.revue-recherches.fr\/wp-content\/uploads\/2024\/05\/3-mousquetaires-150x231.jpg\" alt=\"\" width=\"98\" height=\"151\" \/>Les Trois Mousquetaires<\/em><\/strong><strong>, Alexandre Dumas, abr\u00e9g\u00e9 par Michel Laporte, Castor Poche, 2023.<\/strong><\/h3>\n<h5 style=\"text-align: center;\">Aux \u00e9ditions Gallimard Jeunesse<\/h5>\n<h3><strong><em><img loading=\"lazy\" class=\"wp-image-8889 alignleft\" src=\"https:\/\/www.revue-recherches.fr\/wp-content\/uploads\/2024\/05\/capitaine-Rosalie-150x231.jpg\" alt=\"\" width=\"103\" height=\"159\" \/>Capitaine Rosalie<\/em><\/strong><strong>, Timoth\u00e9e de Fombelle, Folio Cadet, 2023.<\/strong><\/h3>\n<p>Pr\u00e9sent\u00e9 dans <a href=\"http:\/\/www.revue-recherches.fr\/?p=6000\" target=\"_blank\" rel=\"noopener\">\u00ab Actualit\u00e9s Printemps-\u00c9t\u00e9 2019 \u00bb<\/a>, <a href=\"http:\/\/www.revue-recherches.fr\/wp-content\/uploads\/2016\/07\/221-234_R60_Vlieghe.pdf\" target=\"_blank\" rel=\"noopener\">r\u00e9seau \u00ab La Grande Guerre, 1914-1918 \u00bb<\/a>.<\/p>\n<h3><strong><em>Soutif<\/em>, Susie Morgenstern, illustrations de Catel Muller, Folio Junior, 2023.<\/strong><\/h3>\n<h3><strong><em><img loading=\"lazy\" class=\"wp-image-8932 alignleft\" src=\"https:\/\/www.revue-recherches.fr\/wp-content\/uploads\/2024\/05\/soutif-150x231.jpg\" alt=\"\" width=\"120\" height=\"185\" \/><\/em><\/strong><\/h3>\n<p>Pauline, 13 ans, vit tr\u00e8s mal l\u2019arriv\u00e9e de ses \u00ab\u00a0deux b\u00e9b\u00e9s montagnes\u00a0\u00bb\u00a0; il faut envisager l\u2019achat d\u2019un \u00ab\u00a0soutif\u00a0\u00bb, mais elle se voit mal en parler \u00e0 ses parents (deux avocats d\u00e9bord\u00e9s et boh\u00eames) ou \u00e0 ses trois fr\u00e8res\u00a0; en outre, inutile de compter sur sa grand-m\u00e8re qui a br\u00fbl\u00e9 le sien en 68\u00a0! Suite au vol de plusieurs soutifs, elle est contrainte de s\u2019occuper de P\u00e9n\u00e9lope, la ni\u00e8ce \u00ab\u00a0en perdition\u00a0\u00bb du vigile qui l\u2019a \u00ab\u00a0arr\u00eat\u00e9e\u00a0\u00bb. Cette belle astuce de sc\u00e9nario entrainera la rencontre de deux jeunes filles issues de milieux sociaux tr\u00e8s diff\u00e9rents, qui apprendront \u00e0 se connaitre et s\u2019appr\u00e9cieront. On reconnait l\u00e0 l\u2019optimisme ind\u00e9fectible de l\u2019auteure qui pr\u00eate \u00e0 sa narratrice beaucoup d\u2019humour et de maturit\u00e9. Et offre en prime aux lecteurs, un panorama tout ce qu\u2019il y a de plus s\u00e9rieux et document\u00e9 de l\u2019histoire du soutien-gorge, sujet choisi par l\u2019h\u00e9ro\u00efne pour un expos\u00e9 que son professeur lui demandera de lire devant toute la classe\u00a0! Un court r\u00e9cit qui devrait parler aux jeunes.<\/p>\n<h3><strong><em><img loading=\"lazy\" class=\"alignleft wp-image-8937\" src=\"https:\/\/www.revue-recherches.fr\/wp-content\/uploads\/2024\/05\/Victoria-150x231.jpg\" alt=\"\" width=\"120\" height=\"172\" srcset=\"https:\/\/www.revue-recherches.fr\/wp-content\/uploads\/2024\/05\/Victoria-300x431.jpg 300w, https:\/\/www.revue-recherches.fr\/wp-content\/uploads\/2024\/05\/Victoria-1024x1470.jpg 1024w, https:\/\/www.revue-recherches.fr\/wp-content\/uploads\/2024\/05\/Victoria-1070x1536.jpg 1070w, https:\/\/www.revue-recherches.fr\/wp-content\/uploads\/2024\/05\/Victoria-1426x2048.jpg 1426w, https:\/\/www.revue-recherches.fr\/wp-content\/uploads\/2024\/05\/Victoria.jpg 1464w\" sizes=\"(max-width: 120px) 100vw, 120px\" \/>Victoria r\u00eave<\/em>, Timoth\u00e9e de Fombelle, Folio Junior, 2024<\/strong><\/h3>\n<p><a href=\"https:\/\/www.revue-recherches.fr\/wp-content\/uploads\/2018\/01\/163-170_R63_Vlieghe.pdf\" target=\"_blank\" rel=\"noopener\">Pr\u00e9sent\u00e9 dans le num\u00e9ro 63, 2015<\/a>, r\u00e9seau \u00ab R\u00eave ou cauchemar \u00bb<\/p>\n<h3><\/h3>\n<h3><strong><em><img loading=\"lazy\" class=\" wp-image-8930 alignleft\" src=\"https:\/\/www.revue-recherches.fr\/wp-content\/uploads\/2024\/05\/secrets-dumbledore-150x231.jpg\" alt=\"\" width=\"120\" height=\"184\" \/>Les secrets de Dumbledore<\/em><\/strong>, <strong>Texte du film, J. K Rowling et Steve Kloves, traduit par Linda Bruno et Laetitia Devaux, <\/strong><strong>Folio Junior<\/strong>, <strong>2024.<\/strong><\/h3>\n<p>Dernier opus de la trilogie <strong><em>Les animaux fantastiques<\/em><\/strong>.<\/p>\n<h3><strong><em><img loading=\"lazy\" class=\"alignleft wp-image-8899\" src=\"https:\/\/www.revue-recherches.fr\/wp-content\/uploads\/2024\/05\/age-fond-verres-150x231.jpg\" alt=\"\" width=\"120\" height=\"172\" srcset=\"https:\/\/www.revue-recherches.fr\/wp-content\/uploads\/2024\/05\/age-fond-verres-300x431.jpg 300w, https:\/\/www.revue-recherches.fr\/wp-content\/uploads\/2024\/05\/age-fond-verres-1024x1470.jpg 1024w, https:\/\/www.revue-recherches.fr\/wp-content\/uploads\/2024\/05\/age-fond-verres-1070x1536.jpg 1070w, https:\/\/www.revue-recherches.fr\/wp-content\/uploads\/2024\/05\/age-fond-verres-1426x2048.jpg 1426w, https:\/\/www.revue-recherches.fr\/wp-content\/uploads\/2024\/05\/age-fond-verres.jpg 1464w\" sizes=\"(max-width: 120px) 100vw, 120px\" \/>L\u2019\u00e2ge du fond des verres<\/em><\/strong><strong>, Claire Castillon, Folio Junior, 2023.<\/strong><\/h3>\n<p>Pr\u00e9sent\u00e9 dans \u00ab\u00a0<a href=\"https:\/\/www.revue-recherches.fr\/?p=8050\" target=\"_blank\" rel=\"noopener\">Actualit\u00e9s 2022<\/a>\u00a0\u00bb<\/p>\n<h3><strong><em><img loading=\"lazy\" class=\"alignleft wp-image-8925\" src=\"https:\/\/www.revue-recherches.fr\/wp-content\/uploads\/2024\/05\/peau-de-chagrin-150x231.jpg\" alt=\"\" width=\"120\" height=\"172\" srcset=\"https:\/\/www.revue-recherches.fr\/wp-content\/uploads\/2024\/05\/peau-de-chagrin-300x431.jpg 300w, https:\/\/www.revue-recherches.fr\/wp-content\/uploads\/2024\/05\/peau-de-chagrin-1024x1470.jpg 1024w, https:\/\/www.revue-recherches.fr\/wp-content\/uploads\/2024\/05\/peau-de-chagrin-1070x1536.jpg 1070w, https:\/\/www.revue-recherches.fr\/wp-content\/uploads\/2024\/05\/peau-de-chagrin-1426x2048.jpg 1426w, https:\/\/www.revue-recherches.fr\/wp-content\/uploads\/2024\/05\/peau-de-chagrin.jpg 1464w\" sizes=\"(max-width: 120px) 100vw, 120px\" \/>La peau de chagrin<\/em><\/strong><strong>, Honor\u00e9 de Balzac, Texte abr\u00e9g\u00e9 par Patricia Arrou-Vignod, <\/strong><strong>Notes et carnet de lecture par Philippe Delpeuch<\/strong>, <strong>F<\/strong><strong>olio Junior, Textes classiques, 2023.<\/strong><\/h3>\n<h3><strong>\u00ab\u00a0Les enfants des Otori\u00a0\u00bb\u00a0: <em>Les guerriers orphelins <\/em>(2023) et <em>La r\u00e9volte invisible <\/em>(2024), Lian Hearn, traduit par Philippe Giraudon, P\u00f4le fiction. \u00c9galement publi\u00e9 en Folio.<\/strong><\/h3>\n<h3><strong><img loading=\"lazy\" class=\"alignleft wp-image-8915\" src=\"https:\/\/www.revue-recherches.fr\/wp-content\/uploads\/2024\/05\/guerriers-orphelins-1-150x231.jpg\" alt=\"\" width=\"120\" height=\"198\" srcset=\"https:\/\/www.revue-recherches.fr\/wp-content\/uploads\/2024\/05\/guerriers-orphelins-1-280x462.jpg 280w, https:\/\/www.revue-recherches.fr\/wp-content\/uploads\/2024\/05\/guerriers-orphelins-1-957x1577.jpg 957w, https:\/\/www.revue-recherches.fr\/wp-content\/uploads\/2024\/05\/guerriers-orphelins-1-932x1536.jpg 932w, https:\/\/www.revue-recherches.fr\/wp-content\/uploads\/2024\/05\/guerriers-orphelins-1-1242x2048.jpg 1242w, https:\/\/www.revue-recherches.fr\/wp-content\/uploads\/2024\/05\/guerriers-orphelins-1.jpg 1275w\" sizes=\"(max-width: 120px) 100vw, 120px\" \/><\/strong><\/h3>\n<p>Tous ceux qui ont ador\u00e9 les cinq tomes du <strong><em>Clan des Otori<\/em><\/strong> et les quatre de <strong><em>Shikanoko<\/em><\/strong> (<a href=\"https:\/\/www.revue-recherches.fr\/?p=8050\" target=\"_blank\" rel=\"noopener\">pr\u00e9sent\u00e9s dans Actualit\u00e9s 2022<\/a>) ne bouderont pas leur plaisir face \u00e0 cette suite directe de la premi\u00e8re saga.<\/p>\n<p>&nbsp;<\/p>\n<p>&nbsp;<\/p>\n<p>Je ne voudrais pas terminer cette chronique sans \u00e9voquer l\u2019ouvrage de <strong>Cl\u00e9mentine Beauvais<\/strong> :<\/p>\n<h3><strong>\u00a0<em>\u00c9crire comme une abeille. La litt\u00e9rature jeunesse, de la lecture \u00e0 l\u2019\u00e9criture<\/em>, Gallimard Jeunesse, 2023.<\/strong><\/h3>\n<p><img loading=\"lazy\" class=\" wp-image-8894 alignleft\" src=\"https:\/\/www.revue-recherches.fr\/wp-content\/uploads\/2024\/05\/ecrire-comme-une-abeille-150x231.jpg\" alt=\"\" width=\"133\" height=\"205\" \/>R\u00e9dig\u00e9 tr\u00e8s s\u00e9rieusement mais avec beaucoup d\u2019humour, par une sp\u00e9cialiste en la mati\u00e8re (auteure, enseignante universitaire, animatrice d\u2019ateliers), cet ouvrage constitue une somme sur le sujet. Il int\u00e9ressera toutes celles [1] (y compris les messieurs) que la litt\u00e9rature de jeunesse passionne, que ce soit pour la lire ou pour l\u2019\u00e9crire. Dix chapitres pour tout savoir sur le sujet, et plus encore\u2026 Qu\u2019elles les lisent de fa\u00e7on chronologique et exhaustive ou en butinant, toutes y trouveront leur miel !<br \/>\n[1] Partant du principe que les femmes, quelle que soit leur profession ou activit\u00e9, sont majoritaires dans le domaine de la litt\u00e9rature de jeunesse, l\u2019auteure a d\u00e9cid\u00e9 d\u2019employer le f\u00e9minin g\u00e9n\u00e9rique, je l\u2019imite !<\/p>\n","protected":false},"excerpt":{"rendered":"<p>Coups de c\u0153ur documentaires Coups de c\u0153ur fictions Nouveaut\u00e9s en mati\u00e8re d&rsquo;\u00e9ditions et de collections Des nouvelles des r\u00e9seaux d\u00e9j\u00e0 pr\u00e9sent\u00e9s Parutions au format poche et r\u00e9\u00e9ditions DOCUMENTAIRES La Joconde et les autres, Alice Harmane, illustr\u00e9 par Quentin Blake, Louvre \u00e9ditions\/Flammarion jeunesse, 2023. Afin que personne ne croie que le Louvre n\u2019h\u00e9berge qu\u2019une seule star, &hellip; <a href=\"https:\/\/www.revue-recherches.fr\/?p=8888\" class=\"more-link\">Continuer la lecture de <span class=\"screen-reader-text\">Les coups de c\u0153ur d\u2019\u00c9lizabeth Vlieghe \u2013 2024<\/span> <span class=\"meta-nav\">&rarr;<\/span><\/a><\/p>\n","protected":false},"author":3,"featured_media":0,"comment_status":"closed","ping_status":"closed","sticky":false,"template":"","format":"standard","meta":[],"categories":[940],"tags":[],"_links":{"self":[{"href":"https:\/\/www.revue-recherches.fr\/index.php?rest_route=\/wp\/v2\/posts\/8888"}],"collection":[{"href":"https:\/\/www.revue-recherches.fr\/index.php?rest_route=\/wp\/v2\/posts"}],"about":[{"href":"https:\/\/www.revue-recherches.fr\/index.php?rest_route=\/wp\/v2\/types\/post"}],"author":[{"embeddable":true,"href":"https:\/\/www.revue-recherches.fr\/index.php?rest_route=\/wp\/v2\/users\/3"}],"replies":[{"embeddable":true,"href":"https:\/\/www.revue-recherches.fr\/index.php?rest_route=%2Fwp%2Fv2%2Fcomments&post=8888"}],"version-history":[{"count":25,"href":"https:\/\/www.revue-recherches.fr\/index.php?rest_route=\/wp\/v2\/posts\/8888\/revisions"}],"predecessor-version":[{"id":8967,"href":"https:\/\/www.revue-recherches.fr\/index.php?rest_route=\/wp\/v2\/posts\/8888\/revisions\/8967"}],"wp:attachment":[{"href":"https:\/\/www.revue-recherches.fr\/index.php?rest_route=%2Fwp%2Fv2%2Fmedia&parent=8888"}],"wp:term":[{"taxonomy":"category","embeddable":true,"href":"https:\/\/www.revue-recherches.fr\/index.php?rest_route=%2Fwp%2Fv2%2Fcategories&post=8888"},{"taxonomy":"post_tag","embeddable":true,"href":"https:\/\/www.revue-recherches.fr\/index.php?rest_route=%2Fwp%2Fv2%2Ftags&post=8888"}],"curies":[{"name":"wp","href":"https:\/\/api.w.org\/{rel}","templated":true}]}}