{"id":7659,"date":"2021-06-05T17:27:49","date_gmt":"2021-06-05T15:27:49","guid":{"rendered":"http:\/\/www.revue-recherches.fr\/?p=7659"},"modified":"2023-08-30T11:06:20","modified_gmt":"2023-08-30T09:06:20","slug":"n-69-usages-du-numerique-2-2-2-2-2-2","status":"publish","type":"post","link":"https:\/\/www.revue-recherches.fr\/?p=7659","title":{"rendered":"N\u00b0\u00a074 &#8211; APPRENDRE LA LANGUE"},"content":{"rendered":"\r\n<div class=\"wp-block-image\">\r\n<figure class=\"alignright size-large is-resized\"><img loading=\"lazy\" class=\"alignright wp-image-7661 size-medium\" src=\"http:\/\/www.revue-recherches.fr\/wp-content\/uploads\/2021\/06\/1re-de-couvr74-300x455.jpg\" alt=\"\" width=\"300\" height=\"455\" srcset=\"https:\/\/www.revue-recherches.fr\/wp-content\/uploads\/2021\/06\/1re-de-couvr74-300x455.jpg 300w, https:\/\/www.revue-recherches.fr\/wp-content\/uploads\/2021\/06\/1re-de-couvr74-1024x1554.jpg 1024w, https:\/\/www.revue-recherches.fr\/wp-content\/uploads\/2021\/06\/1re-de-couvr74-1012x1536.jpg 1012w, https:\/\/www.revue-recherches.fr\/wp-content\/uploads\/2021\/06\/1re-de-couvr74-1349x2048.jpg 1349w, https:\/\/www.revue-recherches.fr\/wp-content\/uploads\/2021\/06\/1re-de-couvr74-scaled.jpg 1686w\" sizes=\"(max-width: 300px) 100vw, 300px\" \/><\/figure>\r\n<\/div>\r\n\r\n\r\n\r\n<p>L\u2019apprentissage de la langue est per\u00e7u comme difficile par ses acteurs, enseignants et \u00e9l\u00e8ves.\u00a0 De nombreuses questions se posent, que ravivent les derni\u00e8res instructions pour le lyc\u00e9e. De quelle langue parle-t-on\u00a0? De la langue norm\u00e9e, celle des programmes d\u2019enseignement de la maternelle au lyc\u00e9e\u00a0? Ou de celle, sans cesse renouvel\u00e9e, qui varie selon de multiples usages\u00a0? Et comment l\u2019enseigne-t-on\u00a0? La question renvoie notamment \u00e0 celle du m\u00e9talangage\u00a0; le num\u00e9ro fait le point sur cette croyance selon laquelle c\u2019est en maitrisant le m\u00e9talangage savant que les \u00e9l\u00e8ves sauront (mieux) \u00e9crire. Finalement, au rebours de prescriptions qui dissocient langue et sens, c\u2019est la n\u00e9cessit\u00e9 de les travailler conjointement qui est ici affirm\u00e9e.<\/p>\r\n\r\n\r\n\r\n<p><a href=\"https:\/\/www.septentrion.com\/fr\/livre\/?GCOI=27574100498990\" target=\"_blank\" rel=\"noreferrer noopener\">Le num\u00e9ro est disponible aux Presses universitaires du Septentrion.<\/a><\/p>\r\n\r\n\r\n\r\n<h3>Sommaire<\/h3>\r\n<p><strong><a href=\"https:\/\/www.revue-recherches.fr\/wp-content\/uploads\/2023\/08\/009-022-R74-Chervel.pdf\" target=\"_blank\" rel=\"noopener\">\u00c0 quoi et \u00e0 qui servent les rectifications orthographiques de 1990\u00a0?<\/a><br \/><\/strong><a href=\"https:\/\/www.revue-recherches.fr\/?p=7696\" target=\"_blank\" rel=\"noopener\">Andr\u00e9 Chervel<\/a><\/p>\r\n<p><strong><a href=\"https:\/\/www.revue-recherches.fr\/wp-content\/uploads\/2023\/08\/023-040-R74-Mercier-Souche.pdf\" target=\"_blank\" rel=\"noopener\">La grammaire au bac de fran\u00e7ais : ce fut comme une apparition<\/a><br \/><\/strong><a href=\"https:\/\/www.revue-recherches.fr\/?p=4023\" target=\"_blank\" rel=\"noopener\">Catherine Mercier<\/a>, <a href=\"https:\/\/www.revue-recherches.fr\/?p=4801\" target=\"_blank\" rel=\"noopener\">Corinne Souche<\/a><br \/><strong><br \/><a href=\"https:\/\/www.revue-recherches.fr\/wp-content\/uploads\/2023\/08\/041-060-R74-Gourdet.pdf\" target=\"_blank\" rel=\"noopener\">Rapports entre science et instructions \u00e0 l\u2019\u00e9cole \u00e9l\u00e9mentaire. Interactions complexes entre prescriptions et didactique du fran\u00e7ais : le cas de l\u2019\u00e9tude de la langue<\/a>\u00a0<br \/><\/strong><a href=\"https:\/\/www.revue-recherches.fr\/?p=7698\" target=\"_blank\" rel=\"noopener\">Patrice Gourdet<\/a><\/p>\r\n<p><strong><a href=\"https:\/\/www.revue-recherches.fr\/wp-content\/uploads\/2023\/08\/061-068-R74-Bureau.pdf\" target=\"_blank\" rel=\"noopener\">L\u2019\u00e9criture t\u00e2tonn\u00e9e dans une classe de maternelle<\/a><br \/><\/strong><a href=\"https:\/\/www.revue-recherches.fr\/?p=3780\" target=\"_blank\" rel=\"noopener\">Fabienne Bureau<\/a>, <a href=\"https:\/\/www.revue-recherches.fr\/?p=7700\" target=\"_blank\" rel=\"noopener\">Sabine Firringeri<\/a><\/p>\r\n<p><strong><a href=\"https:\/\/www.revue-recherches.fr\/wp-content\/uploads\/2023\/08\/069-087-R74-Petrucci.pdf\" target=\"_blank\" rel=\"noopener\">Enseigner l\u2019accord : un canevas de s\u00e9quence d\u2019enseignement de l\u2019orthographe \u00e0 l\u2019essai<\/a><br \/><\/strong><a href=\"https:\/\/www.revue-recherches.fr\/?p=7703\" target=\"_blank\" rel=\"noopener\">Solenn Petrucci<\/a><\/p>\r\n<p><strong><a href=\"https:\/\/www.revue-recherches.fr\/wp-content\/uploads\/2023\/08\/089-100-R74_Heems.pdf\" target=\"_blank\" rel=\"noopener\">Sami est ravi, mais pas content<\/a><br \/><\/strong><a href=\"https:\/\/www.revue-recherches.fr\/?p=4009\" target=\"_blank\" rel=\"noopener\">Patrice Heems<\/a><\/p>\r\n<p><strong><a href=\"https:\/\/www.revue-recherches.fr\/wp-content\/uploads\/2023\/08\/101-110-R74_PiotPollet-2.pdf\" target=\"_blank\" rel=\"noopener\">Orthographe : travailler en ateliers<\/a> <br \/><\/strong><a href=\"https:\/\/www.revue-recherches.fr\/?p=4027\" target=\"_blank\" rel=\"noopener\">S\u00e9verine Piot<\/a>, <a href=\"https:\/\/www.revue-recherches.fr\/?p=7705\" target=\"_blank\" rel=\"noopener\">S\u00e9verine Pollet<\/a><br \/><br \/><strong><a href=\"https:\/\/www.revue-recherches.fr\/wp-content\/uploads\/2023\/08\/111-126-R74-Le-Levier.pdf\" target=\"_blank\" rel=\"noopener\">Des difficult\u00e9s de la rem\u00e9diation orthographique chez des \u00e9l\u00e8ves avanc\u00e9s<\/a><br \/><\/strong><a href=\"https:\/\/www.revue-recherches.fr\/?p=7708\" target=\"_blank\" rel=\"noopener\">H\u00e9l\u00e8ne Le Levier<\/a><\/p>\r\n<p><strong><a href=\"https:\/\/www.revue-recherches.fr\/wp-content\/uploads\/2023\/08\/127-148-R74_Mercier.pdf\" target=\"_blank\" rel=\"noopener\">Travailler l\u2019orthographe au lyc\u00e9e : du contrat d\u2019objectifs \u00e0 la dict\u00e9e dialogu\u00e9e \u00e9crite et men\u00e9e par les \u00e9l\u00e8ves<\/a><br \/><\/strong><a href=\"https:\/\/www.revue-recherches.fr\/?p=4023\" target=\"_blank\" rel=\"noopener\">Catherine Mercier<\/a><\/p>\r\n<p><strong><a href=\"https:\/\/www.revue-recherches.fr\/wp-content\/uploads\/2023\/08\/149-165-R74-Boch.pdf\" target=\"_blank\" rel=\"noopener\">Erreurs et maladresses dans les \u00e9crits d\u2019\u00e9tudiants. Comment les traiter ? L\u2019exemple du participe pr\u00e9sent<\/a><br \/><\/strong><a href=\"https:\/\/www.revue-recherches.fr\/?p=7710\" target=\"_blank\" rel=\"noopener\">Fran\u00e7oise Boch<\/a><\/p>\r\n\r\n\r\n\r\n\r\n\r\n<h3>\u00c9ditorial<\/h3>\r\n\r\n\r\n\r\n<p><em>Un regard r\u00e9trospectif sur les diff\u00e9rents num\u00e9ros que <\/em>Recherches <em>a exclusivement d\u00e9di\u00e9s aux apprentissages de la langue fait apparaitre une petite histoire de son enseignement. S\u2019y dessine aussi, en creux, une certaine conception de l\u2019enseignement centr\u00e9 sur les \u00e9l\u00e8ves et leurs pratiques langagi\u00e8res pour envisager les apprentissages de la langue et de ses normes, en opposition avec une conception normative et notionnelle non interrog\u00e9e.<\/em><br \/><em>En 1991 (\u00e9poque presque lointaine), le num\u00e9ro 15 (<\/em>Orthographe, grammaire<em>) questionnait la place de la langue dans un enseignement du fran\u00e7ais qui s\u2019organisait le plus souvent de mani\u00e8re cloisonn\u00e9e, par juxtaposition de plusieurs sous-disciplines. Six ans plus tard, le num\u00e9ro 26 (<\/em>Langue<em>) faisait une place \u00e0 l\u2019enseignement du fran\u00e7ais tout fraichement d\u00e9clar\u00e9 d\u00e9cloisonn\u00e9 par l\u2019institution et \u00e0 l\u2019introduction, dans les nouveaux programmes du coll\u00e8ge r\u00e9nov\u00e9 de l\u2019\u00e9poque, des grammaires de phrase, de texte et de discours. Une r\u00e9volution, apparemment, et, comme toutes les r\u00e9volutions institutionnelles, balay\u00e9e\u2026 \u00e0 la r\u00e9forme suivante. En 2008, le num\u00e9ro 48 (<\/em>L\u2019enseignement de la langue<em>) revenait en partie sur cette tripartition et rappelait, entre autres \u00e9vidences, que la grammaire n\u2019est pas une fin en soi mais qu\u2019elle est un outil pour lire et \u00e9crire, et pour dire le monde ; ce que le num\u00e9ro 53 (<\/em>Lexique, vocabulaire<em>) venait souligner, quelques ann\u00e9es plus tard, au sujet de l\u2019enseignement de ce vaste domaine de la langue qu\u2019est le lexique.<\/em><br \/><em>Depuis un an, la r\u00e9introduction \u2013 ou plut\u00f4t la r\u00e9affirmation \u2013 de l\u2019\u00e9tude de la langue au lyc\u00e9e et toutes les questions et doutes qu\u2019elle a soulev\u00e9s nous a conduits \u00e0 consacrer un nouveau num\u00e9ro \u00e0 cette discipline si particuli\u00e8re de la mati\u00e8re <\/em>fran\u00e7ais<em>.<\/em><a href=\"https:\/\/www.revue-recherches.fr\/wp-content\/uploads\/2021\/06\/005-008-R74-Editorial.pdf\" target=\"_blank\" rel=\"noreferrer noopener\">[&#8230;]<\/a><\/p>\r\n\r\n\r\n\r\n<p>&nbsp;<\/p>\r\n","protected":false},"excerpt":{"rendered":"<p>L\u2019apprentissage de la langue est per\u00e7u comme difficile par ses acteurs, enseignants et \u00e9l\u00e8ves.\u00a0 De nombreuses questions se posent, que ravivent les derni\u00e8res instructions pour le lyc\u00e9e. De quelle langue parle-t-on\u00a0? De la langue norm\u00e9e, celle des programmes d\u2019enseignement de la maternelle au lyc\u00e9e\u00a0? Ou de celle, sans cesse renouvel\u00e9e, qui varie selon de multiples &hellip; <a href=\"https:\/\/www.revue-recherches.fr\/?p=7659\" class=\"more-link\">Continuer la lecture de <span class=\"screen-reader-text\">N\u00b0\u00a074 &#8211; APPRENDRE LA LANGUE<\/span> <span class=\"meta-nav\">&rarr;<\/span><\/a><\/p>\n","protected":false},"author":3,"featured_media":0,"comment_status":"closed","ping_status":"open","sticky":false,"template":"","format":"standard","meta":[],"categories":[1093,1081],"tags":[],"_links":{"self":[{"href":"https:\/\/www.revue-recherches.fr\/index.php?rest_route=\/wp\/v2\/posts\/7659"}],"collection":[{"href":"https:\/\/www.revue-recherches.fr\/index.php?rest_route=\/wp\/v2\/posts"}],"about":[{"href":"https:\/\/www.revue-recherches.fr\/index.php?rest_route=\/wp\/v2\/types\/post"}],"author":[{"embeddable":true,"href":"https:\/\/www.revue-recherches.fr\/index.php?rest_route=\/wp\/v2\/users\/3"}],"replies":[{"embeddable":true,"href":"https:\/\/www.revue-recherches.fr\/index.php?rest_route=%2Fwp%2Fv2%2Fcomments&post=7659"}],"version-history":[{"count":12,"href":"https:\/\/www.revue-recherches.fr\/index.php?rest_route=\/wp\/v2\/posts\/7659\/revisions"}],"predecessor-version":[{"id":8744,"href":"https:\/\/www.revue-recherches.fr\/index.php?rest_route=\/wp\/v2\/posts\/7659\/revisions\/8744"}],"wp:attachment":[{"href":"https:\/\/www.revue-recherches.fr\/index.php?rest_route=%2Fwp%2Fv2%2Fmedia&parent=7659"}],"wp:term":[{"taxonomy":"category","embeddable":true,"href":"https:\/\/www.revue-recherches.fr\/index.php?rest_route=%2Fwp%2Fv2%2Fcategories&post=7659"},{"taxonomy":"post_tag","embeddable":true,"href":"https:\/\/www.revue-recherches.fr\/index.php?rest_route=%2Fwp%2Fv2%2Ftags&post=7659"}],"curies":[{"name":"wp","href":"https:\/\/api.w.org\/{rel}","templated":true}]}}