{"id":3990,"date":"2018-03-01T13:54:01","date_gmt":"2018-03-01T12:54:01","guid":{"rendered":"http:\/\/www.revue-recherches.fr\/?p=3990"},"modified":"2025-02-21T17:58:19","modified_gmt":"2025-02-21T16:58:19","slug":"isabelle-delcambre","status":"publish","type":"post","link":"https:\/\/www.revue-recherches.fr\/?p=3990","title":{"rendered":"Delcambre Isabelle"},"content":{"rendered":"<p class=\"\">N\u00b0 2 &#8211; <a href=\"http:\/\/www.revue-recherches.fr\/wp-content\/uploads\/2015\/08\/RECHERCHES-N\u00b0-2-versionsite.pdf\" target=\"_blank\" rel=\"noopener noreferrer\">Fran\u00e7ais bien commun, \u00e9l\u00e9ments pour une probl\u00e9matique<\/a><br \/>N\u00b0 2 &#8211; <a href=\"http:\/\/www.revue-recherches.fr\/wp-content\/uploads\/2015\/08\/RECHERCHES-N\u00b0-2-versionsite.pdf\" target=\"_blank\" rel=\"noopener noreferrer\">\u00ab Un langage, des langages \u00bb. \u00c9tude d\u2019une double page de manuel d\u2019histoire<\/a><br \/>N\u00b0 4 &#8211; <a href=\"http:\/\/www.revue-recherches.fr\/wp-content\/uploads\/2014\/06\/RECHERCHES-N\u00b0-4.pdf\" target=\"_blank\" rel=\"noopener noreferrer\">Autopsie d\u2019une formation\u00a0: pif, paf, \u00e0 vos marqueurs\u2026 \u00c9crivez ! \u00c9crire en stage ? Quels enjeux ?<\/a><br \/>N\u00b0 6 &#8211; <a href=\"http:\/\/www.revue-recherches.fr\/wp-content\/uploads\/2015\/08\/R6_9-46_Delcambre_versionsite.pdf\" target=\"_blank\" rel=\"noopener noreferrer\">\u00ab Quand j\u2019lis des copies d\u2019\u00e9l\u00e8ves, \u00e7a m\u2019donne des id\u00e9es d\u2019exercices \u00bb<\/a><br \/>N\u00b0 8 &#8211; <a href=\"http:\/\/www.revue-recherches.fr\/wp-content\/uploads\/2014\/06\/R8_121-123_delcambre.pdf\" target=\"_blank\" rel=\"noopener noreferrer\">R\u00e9cit (r\u00e9cit (r\u00e9cit de \u2013) \u2026 de r\u00e9cit)<\/a><br \/>N\u00b0 8 &#8211; <a href=\"http:\/\/www.revue-recherches.fr\/wp-content\/uploads\/2014\/06\/R8_125-126_Delcambre.pdf\" target=\"_blank\" rel=\"noopener noreferrer\">Bibliographie<\/a> (\u00ab\u00a0R\u00e9cits\u00a0\u00bb, N\u00b0 8)<br \/>N\u00b0 9 &#8211; <a href=\"http:\/\/www.revue-recherches.fr\/wp-content\/uploads\/2014\/06\/R9_5-11_ConstantDelcambre.pdf\" target=\"_blank\" rel=\"noopener noreferrer\">Entre chiens et chats<\/a><br \/>N\u00b0 9 &#8211; <a href=\"http:\/\/www.revue-recherches.fr\/wp-content\/uploads\/2014\/06\/R9_61-107__DelcambreVanseveren.pdf\" target=\"_blank\" rel=\"noopener noreferrer\">Apprendre \u00e0 g\u00e9rer des contrarguments<\/a><br \/>N\u00b0 10 &#8211; <a href=\"http:\/\/www.revue-recherches.fr\/wp-content\/uploads\/2014\/06\/R10_81-94_VanseverenDelcambre.pdf\" target=\"_blank\" rel=\"noopener noreferrer\">Textes tordus\u2026 SOS mod\u00e8les<\/a><br \/>N\u00b0 11 &#8211; <a href=\"http:\/\/www.revue-recherches.fr\/wp-content\/uploads\/2015\/02\/R11_13_DarrasDelcambre.pdf\" target=\"_blank\" rel=\"noopener noreferrer\">Ce qu\u2019ils font et ce qu\u2019ils en disent\u00a0: analyse des proc\u00e9dures r\u00e9dactionnelles d\u2019\u00e9l\u00e8ves de 2<\/a><a href=\"http:\/\/www.revue-recherches.fr\/wp-content\/uploads\/2015\/02\/R11_13_DarrasDelcambre.pdf\"><sup>e<\/sup><\/a> (republi\u00e9 dans le n\u00b0\u00a055)<br \/>N\u00b0 13 &#8211; <a href=\"http:\/\/www.revue-recherches.fr\/wp-content\/uploads\/2017\/02\/149_Delcambre_R13_version-site.pdf\" target=\"_blank\" rel=\"noopener noreferrer\">Voil\u00e0 pourquoi ce texte est un texte explicatif typique<\/a><br \/>N\u00b0 14 &#8211; <a href=\"http:\/\/www.revue-recherches.fr\/wp-content\/uploads\/2018\/03\/159_DelcambreGellereauR14.pdf\" target=\"_blank\" rel=\"noopener noreferrer\">Lire (\u00e9crire ?) Des textes fictionnels pour travailler l\u2019argumentation au lyc\u00e9e<\/a><br \/>N\u00b0 15 &#8211; <a href=\"http:\/\/www.revue-recherches.fr\/wp-content\/uploads\/2015\/05\/R15_37_Delcambre.pdf\" target=\"_blank\" rel=\"noopener noreferrer\">\u00ab\u00a0En vous appuyant sur des exemples\u2026\u00a0\u00bb De quelques difficult\u00e9s linguistiques pos\u00e9es par l\u2019insertion des exemples dans des dissertations d\u2019\u00e9l\u00e8ves de 2<\/a><a href=\"http:\/\/www.revue-recherches.fr\/wp-content\/uploads\/2015\/05\/R15_37_Delcambre.pdf\"><sup>nde<\/sup><\/a><br \/>N\u00b0 16 &#8211; <a href=\"http:\/\/www.revue-recherches.fr\/wp-content\/uploads\/2015\/05\/R16_89_Delcambre.pdf\" target=\"_blank\" rel=\"noopener noreferrer\">Apprendre \u00e0 \u00e9crire des commentaires compos\u00e9s<\/a><br \/>N\u00b0 21 &#8211; <a href=\"http:\/\/www.revue-recherches.fr\/wp-content\/uploads\/2015\/05\/17_Delcambre_R21.pdf\" target=\"_blank\" rel=\"noopener noreferrer\">La note : mesure ou message ?<\/a><br \/>N\u00b0 22 &#8211; <a href=\"http:\/\/www.revue-recherches.fr\/wp-content\/uploads\/2015\/05\/169_DauDelMarSau_R22.pdf\" target=\"_blank\" rel=\"noopener noreferrer\">Pratiques d\u2019oral dans le travail de groupe<\/a><br \/>N\u00b0 23 &#8211; <a href=\"http:\/\/www.revue-recherches.fr\/wp-content\/uploads\/2017\/02\/R23_7_Delcambre_version-site.pdf\" target=\"_blank\" rel=\"noopener noreferrer\">Faire \u00e9crire des paragraphes argumentatifs : une impasse didactique<\/a><br \/>N\u00b0 26 &#8211; <a href=\"http:\/\/www.revue-recherches.fr\/wp-content\/uploads\/2015\/06\/221_Delcambre_R26.pdf\" target=\"_blank\" rel=\"noopener noreferrer\">L\u2019amour des trois grammaires<\/a><br \/>N\u00b0 27 &#8211; <a href=\"http:\/\/www.revue-recherches.fr\/wp-content\/uploads\/2015\/08\/115_CautermanDelcambre_R27.pdf\" target=\"_blank\" rel=\"noopener noreferrer\">Pour des consignes floues<\/a><br \/>N\u00b0 28-29 &#8211; <a href=\"http:\/\/www.revue-recherches.fr\/wp-content\/uploads\/2016\/01\/153_Delcambre_R28-29-2.pdf\" target=\"_blank\" rel=\"noopener noreferrer\">\u00ab\u00a0Tu mens, toi\u00a0?\u00a0\u00bb Des \u00e9l\u00e8ves de 2<sup>nde<\/sup>aux prises avec les notions de fiction et de r\u00e9alit\u00e9<\/a><br \/>N\u00b0 31 &#8211; <a href=\"http:\/\/www.revue-recherches.fr\/wp-content\/uploads\/2016\/01\/R31_53-82_Cauterman-Delcambre-Mercier.pdf\" target=\"_blank\" rel=\"noopener noreferrer\">\u00ab\u00a0En seconde, on ne fait plus de fran\u00e7ais, Madame, on fait des lettres\u00a0\u00bb<\/a><br \/>N\u00b0 31 &#8211; <a href=\"http:\/\/www.revue-recherches.fr\/wp-content\/uploads\/2016\/01\/R31_115-142_Delcambre-Denizot.pdf\" target=\"_blank\" rel=\"noopener noreferrer\">Nad\u00e8ge ou les infortunes de l\u2019\u00e9criture<\/a><br \/>N\u00b0 33 &#8211; <a href=\"http:\/\/www.revue-recherches.fr\/wp-content\/uploads\/2016\/01\/R33_245-264_Delcambre.pdf\" target=\"_blank\" rel=\"noopener noreferrer\">Ils \u00e9crivent comme ils parlent. Discussions autour de quelques id\u00e9es re\u00e7ues<\/a><br \/>N\u00b0 41 &#8211; <a href=\"http:\/\/www.revue-recherches.fr\/wp-content\/uploads\/2014\/06\/067-072__delcambre_1_.pdf\" target=\"_blank\" rel=\"noopener noreferrer\">De quoi les traces linguistiques sont-elles l\u2019indice ?<\/a><br \/>N\u00b0 41 &#8211; <a href=\"http:\/\/www.revue-recherches.fr\/wp-content\/uploads\/2014\/06\/233-240__delcambre_2_.pdf\" target=\"_blank\" rel=\"noopener noreferrer\">Que nous apprennent les relations oral-\u00e9crit sur le statut de la trace \u00e9crite dans l\u2019univers scolaire ?<\/a><br \/>N\u00b0 50 &#8211; <a href=\"http:\/\/www.revue-recherches.fr\/wp-content\/uploads\/2014\/06\/121-135-Delcambre.pdf\" target=\"_blank\" rel=\"noopener noreferrer\">\u00c9crire \u00e0 l\u2019universit\u00e9 : continuit\u00e9s ou ruptures ?<\/a><br \/>N\u00b0 53 &#8211; <a href=\"http:\/\/www.revue-recherches.fr\/wp-content\/uploads\/2014\/08\/123-137-Delcambre2.pdf\" target=\"_blank\" rel=\"noopener noreferrer\">Le lexique est-il une difficult\u00e9 pour les \u00e9tudiants\u00a0?<\/a><br \/>N\u00b0 54 &#8211; <a href=\"http:\/\/www.revue-recherches.fr\/wp-content\/uploads\/2014\/06\/007-015-Delcambre.pdf\" target=\"_blank\" rel=\"noopener noreferrer\">Comment penser les relations oral\/\u00e9crit dans un cadre scolaire ?<\/a><br \/>N\u00b0 55 &#8211; <a href=\"http:\/\/www.revue-recherches.fr\/wp-content\/uploads\/2014\/06\/125-144-Delcambre.pdf\" target=\"_blank\" rel=\"noopener noreferrer\">Les \u00e9tudiants et la r\u00e9\u00e9criture<\/a><br \/>N\u00b0 56 &#8211; <a href=\"http:\/\/www.revue-recherches.fr\/wp-content\/uploads\/2014\/06\/149-162-Darras-et-al.pdf\" target=\"_blank\" rel=\"noopener noreferrer\">Argumentation et dissertation<\/a><br \/>N\u00b0 58 &#8211; <a href=\"http:\/\/www.revue-recherches.fr\/wp-content\/uploads\/2016\/07\/047-065-Delcambre_version-site.pdf\" target=\"_blank\" rel=\"noopener noreferrer\">Comment Oscar comprend le chapitre \u00e0 lire sans le lire<\/a><br \/>N\u00b0 58 &#8211; <a href=\"http:\/\/www.revue-recherches.fr\/wp-content\/uploads\/2016\/07\/177-198-Delcambre.pdf\" target=\"_blank\" rel=\"noopener noreferrer\">Introduire des \u00e9tudiants \u00e0 la compr\u00e9hension de textes universitaires<\/a><br \/>N\u00b0 61 &#8211; <a href=\"http:\/\/www.revue-recherches.fr\/wp-content\/uploads\/2017\/01\/007-031_R61_Delcambre-Luczak.pdf\" target=\"_blank\" rel=\"noopener noreferrer\">L\u2019\u00e9criture argumentative au Bac Pro et en BTS : qu\u2019en disent les \u00e9l\u00e8ves ?<\/a><br \/>N\u00b0 61 &#8211; <a class=\"\" href=\"http:\/\/www.revue-recherches.fr\/wp-content\/uploads\/2017\/01\/195-213_R61_Delcambre_site.pdf\" target=\"_blank\" rel=\"noopener noreferrer\">Introduire des \u00e9tudiants \u00e0 la compr\u00e9hension de discours universitaires : quand des \u00e9tudiants \u00e9crivent pour comprendre<\/a><br \/>N\u00b0 67 &#8211; <a href=\"http:\/\/www.revue-recherches.fr\/wp-content\/uploads\/2019\/12\/109-139_R67_CautermanDelcambre.pdf\" target=\"_blank\" rel=\"noopener noreferrer\">De diff\u00e9rentes formes d\u2019interdisciplinarit\u00e9 dans les programmes de coll\u00e8ge<\/a><br \/>N\u00b0 68 &#8211; <a href=\"http:\/\/www.revue-recherches.fr\/wp-content\/uploads\/2020\/06\/009-024_R68_BertotDelcambre.pdf\" target=\"_blank\" rel=\"noopener noreferrer\">Les Journ\u00e9es \u00e0 Parler\u00a0: des rendez-vous annuels en maternelle<\/a><br \/>N\u00b0 71 &#8211; <a href=\"https:\/\/www.revue-recherches.fr\/wp-content\/uploads\/2022\/01\/105-121_R71_Delcambre.pdf\">La notion de sujet didactique ou comment les recherches en didactique du fran\u00e7ais contribuent \u00e0 penser les diff\u00e9rences entre \u00e9l\u00e8ves<\/a><br \/>N\u00b0 72 &#8211;<a href=\"https:\/\/www.revue-recherches.fr\/wp-content\/uploads\/2022\/07\/223-238_R72_Delcambre.pdf\" target=\"_blank\" rel=\"noopener\"> Des \u00e9l\u00e8ves aux prises avec les notions de fiction et de r\u00e9alit\u00e9. Une situation de lecture-\u00e9criture en classe de 2<sup>nde<\/sup><\/a><br \/>N\u00b077 &#8211; <a href=\"https:\/\/www.revue-recherches.fr\/wp-content\/uploads\/2025\/02\/009-033-R77-Delcambre.pdf\" target=\"_blank\" rel=\"noopener\">Les pratiques de litt\u00e9racie, de la maternelle \u00e0 l\u2019enseignement sup\u00e9rieur :<\/a><br \/><a href=\"https:\/\/www.revue-recherches.fr\/wp-content\/uploads\/2025\/02\/009-033-R77-Delcambre.pdf\" target=\"_blank\" rel=\"noopener\">ruptures et\/ou continuit\u00e9s ?<\/a><\/p>\r\n","protected":false},"excerpt":{"rendered":"<p>N\u00b0 2 &#8211; Fran\u00e7ais bien commun, \u00e9l\u00e9ments pour une probl\u00e9matiqueN\u00b0 2 &#8211; \u00ab Un langage, des langages \u00bb. \u00c9tude d\u2019une double page de manuel d\u2019histoireN\u00b0 4 &#8211; Autopsie d\u2019une formation\u00a0: pif, paf, \u00e0 vos marqueurs\u2026 \u00c9crivez ! \u00c9crire en stage ? Quels enjeux ?N\u00b0 6 &#8211; \u00ab Quand j\u2019lis des copies d\u2019\u00e9l\u00e8ves, \u00e7a m\u2019donne des &hellip; <a href=\"https:\/\/www.revue-recherches.fr\/?p=3990\" class=\"more-link\">Continuer la lecture de <span class=\"screen-reader-text\">Delcambre Isabelle<\/span> <span class=\"meta-nav\">&rarr;<\/span><\/a><\/p>\n","protected":false},"author":3,"featured_media":0,"comment_status":"closed","ping_status":"closed","sticky":false,"template":"","format":"standard","meta":[],"categories":[1092],"tags":[],"_links":{"self":[{"href":"https:\/\/www.revue-recherches.fr\/index.php?rest_route=\/wp\/v2\/posts\/3990"}],"collection":[{"href":"https:\/\/www.revue-recherches.fr\/index.php?rest_route=\/wp\/v2\/posts"}],"about":[{"href":"https:\/\/www.revue-recherches.fr\/index.php?rest_route=\/wp\/v2\/types\/post"}],"author":[{"embeddable":true,"href":"https:\/\/www.revue-recherches.fr\/index.php?rest_route=\/wp\/v2\/users\/3"}],"replies":[{"embeddable":true,"href":"https:\/\/www.revue-recherches.fr\/index.php?rest_route=%2Fwp%2Fv2%2Fcomments&post=3990"}],"version-history":[{"count":17,"href":"https:\/\/www.revue-recherches.fr\/index.php?rest_route=\/wp\/v2\/posts\/3990\/revisions"}],"predecessor-version":[{"id":9175,"href":"https:\/\/www.revue-recherches.fr\/index.php?rest_route=\/wp\/v2\/posts\/3990\/revisions\/9175"}],"wp:attachment":[{"href":"https:\/\/www.revue-recherches.fr\/index.php?rest_route=%2Fwp%2Fv2%2Fmedia&parent=3990"}],"wp:term":[{"taxonomy":"category","embeddable":true,"href":"https:\/\/www.revue-recherches.fr\/index.php?rest_route=%2Fwp%2Fv2%2Fcategories&post=3990"},{"taxonomy":"post_tag","embeddable":true,"href":"https:\/\/www.revue-recherches.fr\/index.php?rest_route=%2Fwp%2Fv2%2Ftags&post=3990"}],"curies":[{"name":"wp","href":"https:\/\/api.w.org\/{rel}","templated":true}]}}