{"id":3283,"date":"2014-06-15T10:57:03","date_gmt":"2014-06-15T08:57:03","guid":{"rendered":"http:\/\/www.revue-recherches.fr\/?p=3283"},"modified":"2023-07-05T18:53:34","modified_gmt":"2023-07-05T16:53:34","slug":"n-49-troubles-du-langage-et-apprentissages","status":"publish","type":"post","link":"https:\/\/www.revue-recherches.fr\/?p=3283","title":{"rendered":"N\u00b0 49 &#8211; TROUBLES DU LANGAGE ET APPRENTISSAGES"},"content":{"rendered":"<p style=\"text-align: left;\"><img loading=\"lazy\" class=\"alignright wp-image-7577 size-medium\" src=\"http:\/\/www.revue-recherches.fr\/wp-content\/uploads\/2014\/06\/couv-300x453.jpg\" alt=\"\" width=\"300\" height=\"453\" srcset=\"https:\/\/www.revue-recherches.fr\/wp-content\/uploads\/2014\/06\/couv-300x453.jpg 300w, https:\/\/www.revue-recherches.fr\/wp-content\/uploads\/2014\/06\/couv.jpg 917w\" sizes=\"(max-width: 300px) 100vw, 300px\" \/>Le num\u00e9ro s\u2019int\u00e9resse plus particuli\u00e8rement aux difficult\u00e9s d\u2019apprentissage en fran\u00e7ais li\u00e9es \u00e0 la dyslexie et \u00e0 la dysphasie. L\u2019accompagnement des difficult\u00e9s engendr\u00e9es par ces handicaps appelle une r\u00e9ponse qui ne peut pas \u00eatre seulement p\u00e9dagogique, mais qui doit \u00eatre \u00e9labor\u00e9e en partenariat avec d\u2019autres champs professionnels comme le social, la sant\u00e9 ou l\u2019\u00e9ducatif, pour que soient conjugu\u00e9es les aides apport\u00e9es. C\u2019est donc un num\u00e9ro polyphonique que nous proposons, avec des approches pluricat\u00e9gorielles du trouble. On y trouvera la voix d\u2019un parent d\u2019enfant porteur de dysphasie, celles de jeunes adultes dyslexiques, celles de professionnels de la sant\u00e9. Feront \u00e9cho \u00e0 ces approches des analyses et des propositions p\u00e9dagogiques.<\/p>\n<p style=\"text-align: justify;\">Le num\u00e9ro est en vente <a href=\"https:\/\/www.revue-recherches.fr\/?page_id=788\" target=\"_blank\" rel=\"noopener\">sur notre site<\/a>. Les articles sont t\u00e9l\u00e9chargeables sur cette page.<\/p>\n<h3>Sommaire<\/h3>\n<p><a href=\"https:\/\/www.revue-recherches.fr\/wp-content\/uploads\/2021\/01\/007-018-Darras-1.pdf\" target=\"_blank\" rel=\"noopener\">La dyslexie, toute une histoire<\/a>\u00a0 \/\u00a0 F. Darras \u00a07<\/p>\n<hr \/>\n<p><a href=\"https:\/\/www.revue-recherches.fr\/wp-content\/uploads\/2021\/01\/019-028-Ryckebusch.pdf\" target=\"_blank\" rel=\"noopener\">\u00c0 l\u2019\u00e9cole aussi, \u00e0 chacun sa dysphasie\u2026<\/a>\u00a0 \/\u00a0 C. Ryckebusch \u00a019<\/p>\n<hr \/>\n<p><a href=\"https:\/\/www.revue-recherches.fr\/wp-content\/uploads\/2021\/01\/029-035-Dubus.pdf\" target=\"_blank\" rel=\"noopener\">Des enfants dysphasiques en r\u00e9\u00e9ducation<\/a>\u00a0 \/\u00a0 M.-C. Dubus \u00a029<\/p>\n<hr \/>\n<p><a href=\"https:\/\/www.revue-recherches.fr\/wp-content\/uploads\/2021\/01\/037-048-Darras-Mercier-1.pdf\" target=\"_blank\" rel=\"noopener\">Paroles de dyslexiques : Fran\u00e7ois<\/a>\u00a0 \/\u00a0 Interview r\u00e9alis\u00e9e par F. Darras et C. Mercier \u00a037<\/p>\n<hr \/>\n<p><a href=\"https:\/\/www.revue-recherches.fr\/wp-content\/uploads\/2021\/01\/049-058-Crunelle.pdf\" target=\"_blank\" rel=\"noopener\">Les dys\u2026 dyslexies et autres troubles<\/a>\u00a0 \/\u00a0 D. Crunelle \u00a049<\/p>\n<hr \/>\n<p><a href=\"https:\/\/www.revue-recherches.fr\/wp-content\/uploads\/2021\/01\/059-067-Lemoine.pdf\" target=\"_blank\" rel=\"noopener\">Regards sur un bavaleau<\/a>\u00a0 \/\u00a0 M.-P. Lemoine \u00a059<\/p>\n<hr \/>\n<p><a href=\"https:\/\/www.revue-recherches.fr\/wp-content\/uploads\/2021\/01\/069-076-Heems.pdf\" target=\"_blank\" rel=\"noopener\">Portraits d\u2019\u00e9l\u00e8ves\u00a0<\/a> \/\u00a0 P. Heems \u00a069<\/p>\n<hr \/>\n<p><a href=\"https:\/\/www.revue-recherches.fr\/wp-content\/uploads\/2021\/01\/077-097-Gruson.pdf\" target=\"_blank\" rel=\"noopener\">5 fois les mots, 3 fois les r\u00e8gles d\u2019orthographe !<\/a>\u00a0 \/\u00a0 V. Gruson \u00a077<\/p>\n<hr \/>\n<p><a href=\"https:\/\/www.revue-recherches.fr\/wp-content\/uploads\/2021\/01\/099-109-Anonyme.pdf\" target=\"_blank\" rel=\"noopener\">V\u00e9cu d\u2019un parent d\u2019enfant porteur de dysphasie<\/a>\u00a0 \/\u00a0 Anonyme \u00a099<\/p>\n<hr \/>\n<p><a href=\"https:\/\/www.revue-recherches.fr\/wp-content\/uploads\/2021\/01\/111-127-Chivet.pdf\" target=\"_blank\" rel=\"noopener\">Le partenariat enseignants \u2013 orthophonistes avec des yeux d\u2019enfants\u2026<\/a>\u00a0 \/\u00a0 M. Chivet \u00a0111<\/p>\n<hr \/>\n<p><a href=\"https:\/\/www.revue-recherches.fr\/wp-content\/uploads\/2021\/01\/129-139-Darras-Mercier-2.pdf\" target=\"_blank\" rel=\"noopener\">Paroles de dyslexiques : Jean et Sylvain<\/a>\u00a0 \/\u00a0 Interview r\u00e9alis\u00e9e par F. Darras et C. Mercier \u00a0129<\/p>\n<hr \/>\n<p><a href=\"https:\/\/www.revue-recherches.fr\/wp-content\/uploads\/2021\/01\/141-150-Darras-2.pdf\" target=\"_blank\" rel=\"noopener\">Une hisdoire o\u00f9 on \u00e9dait dous gombl\u00e8tement mouch\u00e9s<\/a>\u00a0 \/\u00a0 F. Darras \u00a0141<\/p>\n<hr \/>\n<p><a href=\"https:\/\/www.revue-recherches.fr\/wp-content\/uploads\/2021\/01\/151-160-Habi.pdf\" target=\"_blank\" rel=\"noopener\">Faire comme si\u2026 Faire avec\u2026<\/a>\u00a0 \/\u00a0 M. Habi \u00a0151<\/p>\n<hr \/>\n<p><a href=\"https:\/\/www.revue-recherches.fr\/wp-content\/uploads\/2021\/01\/161-165-Boidein.pdf\" target=\"_blank\" rel=\"noopener\">Approche multidisciplinaire des troubles du langage\u00a0<\/a> \/\u00a0 F. Boidein \u00a0161<\/p>\n<hr \/>\n<p><a href=\"https:\/\/www.revue-recherches.fr\/wp-content\/uploads\/2021\/01\/167-180-Rey.pdf\" target=\"_blank\" rel=\"noopener\">La production \u00e9crite des enfants dyslexiques : mots \u00e0 maux<\/a>\u00a0 \/\u00a0 V. Rey, A. Carlotti\u00a0 167<\/p>\n<hr \/>\n<p><a href=\"https:\/\/www.revue-recherches.fr\/wp-content\/uploads\/2021\/01\/181-189-Suffys-ss-photos.pdf\" target=\"_blank\" rel=\"noopener\">Notre Dame de Parlatges, priez pour nous\u00a0!<\/a>\u00a0 \/\u00a0 S. Suffys 181<\/p>\n<hr \/>\n<p><a href=\"https:\/\/www.revue-recherches.fr\/wp-content\/uploads\/2021\/01\/191-198-Vlieghe.pdf\" target=\"_blank\" rel=\"noopener\">Des nouvelles du livre pour la jeunesse : nouveaux \u00e9diteurs, nouvelles collections <\/a>\/\u00a0 \u00c9. Vlieghe \u00a0191<\/p>\n<h3>\u00c9ditorial<\/h3>\n<blockquote>\n<p style=\"text-align: justify;\">Tout \u00e9l\u00e8ve court le risque d\u2019avoir de grosses difficult\u00e9s \u00e0 apprendre \u00e0 lire. \u00c0 cela, mille raisons\u00a0: le maitre peut \u00eatre brutal, aller trop vite, suivre le rythme de ceux qui savent d\u00e9j\u00e0 lire. Ses parents peuvent se s\u00e9parer, fuir une guerre et ses atrocit\u00e9s, \u00eatre analphab\u00e8tes, illettr\u00e9s, avoir des fins de mois compliqu\u00e9s, \u00eatre sans-papiers, vivre dans une chambre d\u2019h\u00f4tel ou dans une caravane. Lui-m\u00eame peut se sentir mal aim\u00e9, \u00eatre victime de carences \u00e9ducatives, de maltraitance, avoir \u00e9t\u00e9 renvers\u00e9 sur la voie publique par une voiture et subir les s\u00e9quelles d\u2019un traumatisme cr\u00e2nien, \u00eatre dans les zones de la d\u00e9ficience mentale\u2026<br \/>\nMais il peut aussi, et parfois de plus, \u00eatre dyslexique. Ou dysphasique. On peut \u00eatre pauvre et dyslexique comme K\u00e9vin. On peut avoir des parents turcs et \u00eatre dysphasique comme Le\u00efla.<br \/>\nIl est des \u00e9l\u00e8ves dont l\u2019accompagnement des difficult\u00e9s d\u2019apprentissage rel\u00e8ve seulement de la responsabilit\u00e9 des enseignants par la remise en cause de leurs pratiques p\u00e9dagogiques et la recherche d\u2019aides ou de dispositifs adapt\u00e9s. Tel est l\u2019engagement historique de <i>Recherches<\/i>. Mais il est aussi d\u2019autres \u00e9l\u00e8ves dont l\u2019accompagnement des difficult\u00e9s d\u2019apprentissage appelle une r\u00e9ponse qui ne peut pas \u00eatre seulement p\u00e9dagogique, mais qui doit \u00eatre \u00e9labor\u00e9e en partenariat avec d\u2019autres champs professionnels comme le social, la sant\u00e9 ou l\u2019\u00e9ducatif, pour que soient conjugu\u00e9es les aides apport\u00e9es \u00e0 cet \u00e9l\u00e8ve, cet enfant qui s\u2019appelle Marvin. <a href=\"https:\/\/www.revue-recherches.fr\/wp-content\/uploads\/2021\/01\/005-006-Editorial.pdf\" target=\"_blank\" rel=\"noopener\">[&#8230;]<\/a><\/p>\n<\/blockquote>\n<p style=\"text-align: right;\">\n","protected":false},"excerpt":{"rendered":"<p>Le num\u00e9ro s\u2019int\u00e9resse plus particuli\u00e8rement aux difficult\u00e9s d\u2019apprentissage en fran\u00e7ais li\u00e9es \u00e0 la dyslexie et \u00e0 la dysphasie. L\u2019accompagnement des difficult\u00e9s engendr\u00e9es par ces handicaps appelle une r\u00e9ponse qui ne peut pas \u00eatre seulement p\u00e9dagogique, mais qui doit \u00eatre \u00e9labor\u00e9e en partenariat avec d\u2019autres champs professionnels comme le social, la sant\u00e9 ou l\u2019\u00e9ducatif, pour que &hellip; <a href=\"https:\/\/www.revue-recherches.fr\/?p=3283\" class=\"more-link\">Continuer la lecture de <span class=\"screen-reader-text\">N\u00b0 49 &#8211; TROUBLES DU LANGAGE ET APPRENTISSAGES<\/span> <span class=\"meta-nav\">&rarr;<\/span><\/a><\/p>\n","protected":false},"author":3,"featured_media":0,"comment_status":"closed","ping_status":"open","sticky":false,"template":"","format":"standard","meta":[],"categories":[1093,1081],"tags":[],"_links":{"self":[{"href":"https:\/\/www.revue-recherches.fr\/index.php?rest_route=\/wp\/v2\/posts\/3283"}],"collection":[{"href":"https:\/\/www.revue-recherches.fr\/index.php?rest_route=\/wp\/v2\/posts"}],"about":[{"href":"https:\/\/www.revue-recherches.fr\/index.php?rest_route=\/wp\/v2\/types\/post"}],"author":[{"embeddable":true,"href":"https:\/\/www.revue-recherches.fr\/index.php?rest_route=\/wp\/v2\/users\/3"}],"replies":[{"embeddable":true,"href":"https:\/\/www.revue-recherches.fr\/index.php?rest_route=%2Fwp%2Fv2%2Fcomments&post=3283"}],"version-history":[{"count":10,"href":"https:\/\/www.revue-recherches.fr\/index.php?rest_route=\/wp\/v2\/posts\/3283\/revisions"}],"predecessor-version":[{"id":8644,"href":"https:\/\/www.revue-recherches.fr\/index.php?rest_route=\/wp\/v2\/posts\/3283\/revisions\/8644"}],"wp:attachment":[{"href":"https:\/\/www.revue-recherches.fr\/index.php?rest_route=%2Fwp%2Fv2%2Fmedia&parent=3283"}],"wp:term":[{"taxonomy":"category","embeddable":true,"href":"https:\/\/www.revue-recherches.fr\/index.php?rest_route=%2Fwp%2Fv2%2Fcategories&post=3283"},{"taxonomy":"post_tag","embeddable":true,"href":"https:\/\/www.revue-recherches.fr\/index.php?rest_route=%2Fwp%2Fv2%2Ftags&post=3283"}],"curies":[{"name":"wp","href":"https:\/\/api.w.org\/{rel}","templated":true}]}}