{"id":3279,"date":"2014-06-15T10:20:43","date_gmt":"2014-06-15T08:20:43","guid":{"rendered":"http:\/\/www.revue-recherches.fr\/?p=3279"},"modified":"2023-01-03T22:11:12","modified_gmt":"2023-01-03T21:11:12","slug":"n-47-enseigner-le-francais-un-metier","status":"publish","type":"post","link":"https:\/\/www.revue-recherches.fr\/?p=3279","title":{"rendered":"N\u00b0 47 &#8211; ENSEIGNER LE FRAN\u00c7AIS : UN M\u00c9TIER"},"content":{"rendered":"<p style=\"text-align: justify;\"><img loading=\"lazy\" class=\"alignright size-medium wp-image-456\" src=\"http:\/\/www.revue-recherches.fr\/wp-content\/uploads\/2014\/06\/R47-300x444.jpg\" alt=\"\" width=\"300\" height=\"444\" srcset=\"https:\/\/www.revue-recherches.fr\/wp-content\/uploads\/2014\/06\/R47-300x444.jpg 300w, https:\/\/www.revue-recherches.fr\/wp-content\/uploads\/2014\/06\/R47.jpg 675w\" sizes=\"(max-width: 300px) 100vw, 300px\" \/>Enseigner est un m\u00e9tier, \u00e0 n\u2019en pas douter, mais enseigner le fran\u00e7ais\u00a0? La sp\u00e9cificit\u00e9 disciplinaire change-t-elle le m\u00e9tier\u00a0? C\u2019est la question que veut poser ce num\u00e9ro de <i>Recherches<\/i> en interrogeant la mani\u00e8re dont vivent leur m\u00e9tier les <i>enseignants de fran\u00e7ais<\/i> que sont les instituteurs ou institutrices, les professeur-es des \u00e9coles, les professeur-es de fran\u00e7ais du coll\u00e8ge et des lyc\u00e9es. La particularit\u00e9 de ce num\u00e9ro est d\u2019approcher le m\u00e9tier en tant que tel, avec ce qu\u2019il donne \u00e0 vivre en termes d\u2019activit\u00e9s didactiques, p\u00e9dagogiques, administratives, institutionnelles, mais aussi en termes d\u2019identit\u00e9 et de rapport au travail. Il s\u2019agit de donner \u00e0 voir comment le m\u00e9tier est v\u00e9cu par certains de ceux qui le vivent sans dogmatisme et surtout sans nostalgie, mais au contraire avec la volont\u00e9 de montrer des facettes diverses du m\u00e9tier quand il se vit au quotidien, par des r\u00e9flexions g\u00e9n\u00e9rales, des analyses et par la pr\u00e9sentation d\u2019activit\u00e9s de \u00ab\u00a0fran\u00e7ais\u00a0\u00bb (qu\u2019elles soient disciplinaires ou transdisciplinaires).<\/p>\n<p style=\"text-align: justify;\">Le num\u00e9ro est en vente <a href=\"https:\/\/www.revue-recherches.fr\/?page_id=788\" target=\"_blank\" rel=\"noopener\">sur notre site<\/a>. Les articles sont t\u00e9l\u00e9chargeables sur cette page.<\/p>\n<h3>Sommaire<\/h3>\n<p><a href=\"https:\/\/www.revue-recherches.fr\/wp-content\/uploads\/2014\/06\/009-021_barrere.pdf\" target=\"_blank\" rel=\"noopener\"><img loading=\"lazy\" class=\"alignleft size-full wp-image-1443\" src=\"http:\/\/www.revue-recherches.fr\/wp-content\/uploads\/2014\/06\/47-1.jpg\" alt=\"47-1\" width=\"30\" height=\"30\" \/> Les enseignants de fran\u00e7ais \u00e0 l\u2019\u00e9preuve<\/a>\u00a0 \/\u00a0 A. Barr\u00e8re \u00a09<\/p>\n<hr \/>\n<p><a href=\"http:\/\/www.revue-recherches.fr\/wp-content\/uploads\/2014\/06\/023-039_habi.pdf\">L<\/a><a href=\"http:\/\/www.revue-recherches.fr\/wp-content\/uploads\/2014\/06\/009-021_barrere.pdf\"><img loading=\"lazy\" class=\"alignleft size-tokokooavatar wp-image-1444\" src=\"http:\/\/www.revue-recherches.fr\/wp-content\/uploads\/2014\/06\/47-2.jpg\" alt=\"47-2\" width=\"30\" height=\"30\" \/><\/a><a href=\"https:\/\/www.revue-recherches.fr\/wp-content\/uploads\/2014\/06\/023-039_habi.pdf\" target=\"_blank\" rel=\"noopener\">e fran\u00e7ais \u00e0 la marge<\/a>\u00a0\/\u00a0 M. Habi \u00a023<\/p>\n<hr \/>\n<p><a href=\"http:\/\/www.revue-recherches.fr\/wp-content\/uploads\/2014\/06\/009-021_barrere.pdf\"><img loading=\"lazy\" class=\"alignleft size-tokokooavatar wp-image-1445\" src=\"http:\/\/www.revue-recherches.fr\/wp-content\/uploads\/2014\/06\/47-3.jpg\" alt=\"47-3\" width=\"30\" height=\"30\" \/><\/a><a href=\"https:\/\/www.revue-recherches.fr\/wp-content\/uploads\/2014\/06\/041-049_heems.pdf\" target=\"_blank\" rel=\"noopener\">Ce m\u00e9tier qu\u2019on fait \u00e0 loisir <\/a>\/\u00a0 P. Heems \u00a041<\/p>\n<hr \/>\n<p><a href=\"http:\/\/www.revue-recherches.fr\/wp-content\/uploads\/2014\/06\/009-021_barrere.pdf\"><img loading=\"lazy\" class=\"alignleft size-tokokooavatar wp-image-1446\" src=\"http:\/\/www.revue-recherches.fr\/wp-content\/uploads\/2014\/06\/47-4.jpg\" alt=\"47-4\" width=\"30\" height=\"30\" \/><\/a><a href=\"https:\/\/www.revue-recherches.fr\/wp-content\/uploads\/2014\/06\/051-053_darras.pdf\" target=\"_blank\" rel=\"noopener\">Comment rater une heure de cours : mode d\u2019emploi<\/a>\u00a0\/\u00a0 M.-M. Cauterman, F. Darras, M.-P. Vanseveren \u00a051<\/p>\n<hr \/>\n<p><a href=\"https:\/\/www.revue-recherches.fr\/wp-content\/uploads\/2015\/05\/055-057-Cauterman.pdf\" target=\"_blank\" rel=\"noopener\">M<img loading=\"lazy\" class=\"alignleft size-tokokooavatar wp-image-1447\" src=\"http:\/\/www.revue-recherches.fr\/wp-content\/uploads\/2014\/06\/47-5.jpg\" alt=\"47-5\" width=\"30\" height=\"30\" \/>atin d\u2019bren<\/a> \/\u00a0 M.-M. Cauterman \u00a055<\/p>\n<hr \/>\n<p><a href=\"https:\/\/www.revue-recherches.fr\/wp-content\/uploads\/2015\/05\/059-084-Nonnon.pdf\" target=\"_blank\" rel=\"noopener\">U<img loading=\"lazy\" class=\"alignleft size-tokokooavatar wp-image-1448\" src=\"http:\/\/www.revue-recherches.fr\/wp-content\/uploads\/2014\/06\/47-6.jpg\" alt=\"47-6\" width=\"30\" height=\"30\" \/>ne fen\u00eatre sur le travail enseignant et ses normes<\/a> \/\u00a0 \u00c9. Nonnon \u00a059<\/p>\n<hr \/>\n<p><a href=\"http:\/\/www.revue-recherches.fr\/wp-content\/uploads\/2014\/06\/085-120_cauterman-daunay_tronque.pdf\" target=\"_blank\" rel=\"noopener\"><img loading=\"lazy\" class=\"alignleft size-tokokooavatar wp-image-1449\" src=\"http:\/\/www.revue-recherches.fr\/wp-content\/uploads\/2014\/06\/47-7.jpg\" alt=\"47-7\" width=\"30\" height=\"30\" \/><\/a><a href=\"https:\/\/www.revue-recherches.fr\/wp-content\/uploads\/2016\/01\/085-120-Cauterman-Daunay.pdf\" target=\"_blank\" rel=\"noopener\">Le m\u00e9tier d\u2019enseignant de fran\u00e7ais au crible du rapport d\u2019inspection<\/a>\u00a0\/\u00a0 M.-M. Cauterman, B. Daunay \u00a085<\/p>\n<hr \/>\n<p><a href=\"http:\/\/www.revue-recherches.fr\/wp-content\/uploads\/2014\/06\/121-129_dekeyser.pdf\" target=\"_blank\" rel=\"noopener\"><img loading=\"lazy\" class=\"alignleft size-tokokooavatar wp-image-1450\" src=\"http:\/\/www.revue-recherches.fr\/wp-content\/uploads\/2014\/06\/47-8.jpg\" alt=\"47-8\" width=\"30\" height=\"30\" \/><\/a><a href=\"https:\/\/www.revue-recherches.fr\/wp-content\/uploads\/2014\/06\/121-129_dekeyser.pdf\" target=\"_blank\" rel=\"noopener\">\u00catre professeure stagiaire, c\u2019est\u2026<\/a>\u00a0\/\u00a0 M. Dekeyzer \u00a0121<\/p>\n<hr \/>\n<p><a href=\"http:\/\/www.revue-recherches.fr\/wp-content\/uploads\/2014\/06\/r47_131-140_lucas_modifie.pdf\" target=\"_blank\" rel=\"noopener\"><img loading=\"lazy\" class=\"alignleft size-tokokooavatar wp-image-1451\" src=\"http:\/\/www.revue-recherches.fr\/wp-content\/uploads\/2014\/06\/47-9.jpg\" alt=\"47-9\" width=\"30\" height=\"30\" \/><\/a><a href=\"https:\/\/www.revue-recherches.fr\/wp-content\/uploads\/2014\/06\/r47_131-140_lucas_modifie.pdf\" target=\"_blank\" rel=\"noopener\">Les armes et les lettres au lyc\u00e9e professionnel<\/a>\u00a0\/\u00a0 A. Lucas \u00a0131<\/p>\n<hr \/>\n<p><a href=\"http:\/\/www.revue-recherches.fr\/wp-content\/uploads\/2014\/06\/141-144_charlet.pdf\">C<\/a><a href=\"http:\/\/www.revue-recherches.fr\/wp-content\/uploads\/2014\/06\/141-144_charlet.pdf\" target=\"_blank\" rel=\"noopener\"><img loading=\"lazy\" class=\"alignleft size-tokokooavatar wp-image-1452\" src=\"http:\/\/www.revue-recherches.fr\/wp-content\/uploads\/2014\/06\/47-10.jpg\" alt=\"47-10\" width=\"30\" height=\"30\" \/><\/a><a href=\"https:\/\/www.revue-recherches.fr\/wp-content\/uploads\/2014\/06\/141-144_charlet.pdf\" target=\"_blank\" rel=\"noopener\">omment j\u2019ai red\u00e9but\u00e9 dans le m\u00e9tier\u2026<\/a>\u00a0\/\u00a0 C. Charlet \u00a0141<\/p>\n<hr \/>\n<p><a href=\"http:\/\/www.revue-recherches.fr\/wp-content\/uploads\/2014\/06\/145-169_daunay.pdf\">L<\/a><a href=\"http:\/\/www.revue-recherches.fr\/wp-content\/uploads\/2014\/06\/145-169_daunay.pdf\" target=\"_blank\" rel=\"noopener\"><img loading=\"lazy\" class=\"alignleft size-tokokooavatar wp-image-1453\" src=\"http:\/\/www.revue-recherches.fr\/wp-content\/uploads\/2014\/06\/47-11.jpg\" alt=\"47-11\" width=\"27\" height=\"30\" \/><\/a><a href=\"https:\/\/www.revue-recherches.fr\/wp-content\/uploads\/2014\/06\/145-169_daunay.pdf\" target=\"_blank\" rel=\"noopener\">e journal de bord et la fiche de pr\u00e9paration : les al\u00e9as d\u2019une \u00e9criture professionnelle <\/a>\/\u00a0 B. Daunay \u00a0145<\/p>\n<hr \/>\n<p><a href=\"http:\/\/www.revue-recherches.fr\/wp-content\/uploads\/2014\/06\/171-191_suffys.pdf\" target=\"_blank\" rel=\"noopener\"><img loading=\"lazy\" class=\"alignleft size-tokokooavatar wp-image-1454\" src=\"http:\/\/www.revue-recherches.fr\/wp-content\/uploads\/2014\/06\/47-12.jpg\" alt=\"47-12\" width=\"30\" height=\"30\" \/><\/a><a href=\"https:\/\/www.revue-recherches.fr\/wp-content\/uploads\/2014\/06\/171-191_suffys.pdf\" target=\"_blank\" rel=\"noopener\">Vous entrerez dans la carri\u00e8re quand vos ain\u00e9s n\u2019y seront plus\u2026 <\/a>\/\u00a0 S. Suffys \u00a0171<\/p>\n<hr \/>\n<p><a href=\"http:\/\/www.revue-recherches.fr\/wp-content\/uploads\/2014\/06\/193-205_vlieghe.pdf\" target=\"_blank\" rel=\"noopener\"><img loading=\"lazy\" class=\"alignleft size-tokokooavatar wp-image-1455\" src=\"http:\/\/www.revue-recherches.fr\/wp-content\/uploads\/2014\/06\/47-13.jpg\" alt=\"47-13\" width=\"30\" height=\"30\" \/><\/a><a href=\"https:\/\/www.revue-recherches.fr\/wp-content\/uploads\/2014\/06\/193-205_vlieghe.pdf\" target=\"_blank\" rel=\"noopener\">Des nouvelles du livre pour la jeunesse : sorcellerie et pouvoirs magiques <\/a>\/\u00a0 \u00c9. Vlieghe \u00a0193<\/p>\n<h3>\u00c9ditorial<\/h3>\n<blockquote>\n<p style=\"text-align: justify;\">Enseigner est un m\u00e9tier, \u00e0 n\u2019en pas douter, mais enseigner le fran\u00e7ais\u00a0? La sp\u00e9cificit\u00e9 disciplinaire change-t-elle le m\u00e9tier\u00a0? C\u2019est la question que veut poser ce num\u00e9ro de <i>Recherches<\/i> en interrogeant la mani\u00e8re dont vivent leur m\u00e9tier les <i>enseignants de fran\u00e7ais<\/i> que sont les instituteurs ou institutrices, les professeur-es des \u00e9coles, les professeur-es de fran\u00e7ais en coll\u00e8ge ou en lyc\u00e9e.<br \/>\nIl faut noter que, dans l\u2019histoire de <i>Recherches<\/i>, c\u2019est la premi\u00e8re fois que la question de <i>l\u2019enseignant <\/i>est clairement pos\u00e9e <i>en soi<\/i>, comme th\u00e8me central. <a href=\"https:\/\/www.revue-recherches.fr\/wp-content\/uploads\/2014\/06\/47_-_005-007_editorial2.pdf\" target=\"_blank\" rel=\"noopener\">[&#8230;]<\/a><\/p>\n<\/blockquote>\n","protected":false},"excerpt":{"rendered":"<p>Enseigner est un m\u00e9tier, \u00e0 n\u2019en pas douter, mais enseigner le fran\u00e7ais\u00a0? La sp\u00e9cificit\u00e9 disciplinaire change-t-elle le m\u00e9tier\u00a0? C\u2019est la question que veut poser ce num\u00e9ro de Recherches en interrogeant la mani\u00e8re dont vivent leur m\u00e9tier les enseignants de fran\u00e7ais que sont les instituteurs ou institutrices, les professeur-es des \u00e9coles, les professeur-es de fran\u00e7ais du &hellip; <a href=\"https:\/\/www.revue-recherches.fr\/?p=3279\" class=\"more-link\">Continuer la lecture de <span class=\"screen-reader-text\">N\u00b0 47 &#8211; ENSEIGNER LE FRAN\u00c7AIS : UN M\u00c9TIER<\/span> <span class=\"meta-nav\">&rarr;<\/span><\/a><\/p>\n","protected":false},"author":3,"featured_media":0,"comment_status":"closed","ping_status":"open","sticky":false,"template":"","format":"standard","meta":[],"categories":[1093,1081],"tags":[],"_links":{"self":[{"href":"https:\/\/www.revue-recherches.fr\/index.php?rest_route=\/wp\/v2\/posts\/3279"}],"collection":[{"href":"https:\/\/www.revue-recherches.fr\/index.php?rest_route=\/wp\/v2\/posts"}],"about":[{"href":"https:\/\/www.revue-recherches.fr\/index.php?rest_route=\/wp\/v2\/types\/post"}],"author":[{"embeddable":true,"href":"https:\/\/www.revue-recherches.fr\/index.php?rest_route=\/wp\/v2\/users\/3"}],"replies":[{"embeddable":true,"href":"https:\/\/www.revue-recherches.fr\/index.php?rest_route=%2Fwp%2Fv2%2Fcomments&post=3279"}],"version-history":[{"count":6,"href":"https:\/\/www.revue-recherches.fr\/index.php?rest_route=\/wp\/v2\/posts\/3279\/revisions"}],"predecessor-version":[{"id":8462,"href":"https:\/\/www.revue-recherches.fr\/index.php?rest_route=\/wp\/v2\/posts\/3279\/revisions\/8462"}],"wp:attachment":[{"href":"https:\/\/www.revue-recherches.fr\/index.php?rest_route=%2Fwp%2Fv2%2Fmedia&parent=3279"}],"wp:term":[{"taxonomy":"category","embeddable":true,"href":"https:\/\/www.revue-recherches.fr\/index.php?rest_route=%2Fwp%2Fv2%2Fcategories&post=3279"},{"taxonomy":"post_tag","embeddable":true,"href":"https:\/\/www.revue-recherches.fr\/index.php?rest_route=%2Fwp%2Fv2%2Ftags&post=3279"}],"curies":[{"name":"wp","href":"https:\/\/api.w.org\/{rel}","templated":true}]}}