{"id":3265,"date":"2014-06-15T09:10:32","date_gmt":"2014-06-15T07:10:32","guid":{"rendered":"http:\/\/www.revue-recherches.fr\/?p=3265"},"modified":"2023-01-06T19:13:46","modified_gmt":"2023-01-06T18:13:46","slug":"n-44-lordinateur-en-francais","status":"publish","type":"post","link":"https:\/\/www.revue-recherches.fr\/?p=3265","title":{"rendered":"N\u00b0 44 &#8211; L&rsquo;ORDINATEUR EN FRAN\u00c7AIS"},"content":{"rendered":"<p style=\"text-align: justify;\"><img loading=\"lazy\" class=\"alignright wp-image-7491 size-medium\" src=\"http:\/\/www.revue-recherches.fr\/wp-content\/uploads\/2014\/06\/R44-1-298x462.jpg\" alt=\"\" width=\"298\" height=\"462\" srcset=\"https:\/\/www.revue-recherches.fr\/wp-content\/uploads\/2014\/06\/R44-1-298x462.jpg 298w, https:\/\/www.revue-recherches.fr\/wp-content\/uploads\/2014\/06\/R44-1.jpg 896w\" sizes=\"(max-width: 298px) 100vw, 298px\" \/>Le num\u00e9ro pose la question de l&rsquo;int\u00e9r\u00eat de l&rsquo;outil informatique dans les pratiques professionnelles de l&rsquo;enseignant de fran\u00e7ais. Enseigner avec l&rsquo;ordinateur, c&rsquo;est \u00e0 la fois utiliser un outil suppl\u00e9mentaire et, dans un m\u00eame temps, d\u00e9mystifier la place de cet outil dans les repr\u00e9sentations des professeurs, des \u00e9l\u00e8ves et de l&rsquo;institution. Il s&rsquo;agit donc d&rsquo;interroger les apports de l&rsquo;ordinateur sur un plan didactique et p\u00e9dagogique. Quelle place pour lui dans la classe ? En quoi l&rsquo;ordinateur modifie-t-il le rapport de l&rsquo;\u00e9l\u00e8ve aux apprentissages ? L&rsquo;ordinateur peut aussi modifier le lien de l&rsquo;enseignant \u00e0 sa pratique. Qu&rsquo;apporte-il en mati\u00e8re d&rsquo;\u00e9criture professionnelle ? En quoi influe-t-il sur l&rsquo;identit\u00e9 professionnelle de l&rsquo;enseignant ? L&rsquo;entr\u00e9e de l&rsquo;ordinateur dans les classes pose enfin la question des nouveaux rapports qui peuvent s&rsquo;instaurer entre l&rsquo;\u00e9cole et les parents.<\/p>\n<p style=\"text-align: left;\">Le num\u00e9ro est en vente <a href=\"https:\/\/www.revue-recherches.fr\/?page_id=788\" target=\"_blank\" rel=\"noopener\">sur notre site<\/a>. Les articles sont t\u00e9l\u00e9chargeables sur cette page.<\/p>\n<h3>Sommaire<\/h3>\n<p><a href=\"https:\/\/www.revue-recherches.fr\/wp-content\/uploads\/2014\/06\/007-015_vandendorpe.pdf\" target=\"_blank\" rel=\"noopener\">L\u2019\u00e9cole et la lecture dans le contexte num\u00e9rique<\/a>\u00a0\/ C. Vandendorpe \u00a07<\/p>\n<hr \/>\n<p><a href=\"https:\/\/www.revue-recherches.fr\/wp-content\/uploads\/2014\/06\/021-030_cauterman.pdf\" target=\"_blank\" rel=\"noopener\">M\u00e9tamorphoses d\u2019un texte<\/a>\u00a0\/ M.-M. Cauterman \u00a021<\/p>\n<hr \/>\n<p><a href=\"https:\/\/www.revue-recherches.fr\/wp-content\/uploads\/2015\/02\/017-020-Darras_versionsite.pdf\" target=\"_blank\" rel=\"noopener\">Pratiques familiales, pratiques scolaires : ruptures et connivences<\/a> \/ F. Darras 17<\/p>\n<hr \/>\n<p class=\"\"><a href=\"https:\/\/www.revue-recherches.fr\/wp-content\/uploads\/2018\/11\/031-044-Berthon.pdf\" target=\"_blank\" rel=\"noopener\">Que faire avec un ordinateur en classe de fran\u00e7ais ?<\/a>\u00a0\/ J.-F. Berthon\u00a0 45<\/p>\n<hr \/>\n<p><a href=\"https:\/\/www.revue-recherches.fr\/wp-content\/uploads\/2015\/02\/045-053-Suffys_versionsite.pdf\" target=\"_blank\" rel=\"noopener\">&#8230; Car qu&rsquo;y a-t-il, en fait, de meilleur et de pire que l&rsquo;informatique ?<\/a> \/ S. Suffys 45<\/p>\n<hr \/>\n<p><a href=\"https:\/\/www.revue-recherches.fr\/wp-content\/uploads\/2014\/06\/p_055-061_yavuz.pdf\" target=\"_blank\" rel=\"noopener\">R\u00e9sistance cr\u00e9ative<\/a>\u00a0\/ S. Yavuz-Michieletto \u00a055<\/p>\n<hr \/>\n<p><a href=\"https:\/\/www.revue-recherches.fr\/wp-content\/uploads\/2017\/01\/R44_063-068-Inisan1.pdf\" target=\"_blank\" rel=\"noopener\">Aisance num\u00e9rique et didactique du fran\u00e7ais<\/a>\u00a0\/ J.-F. Inisan \u00a063<\/p>\n<hr \/>\n<p><a href=\"https:\/\/www.revue-recherches.fr\/wp-content\/uploads\/2014\/06\/069-091_fabe_version_autorisee_pdf.pdf\" target=\"_blank\" rel=\"noopener\">Biographie d\u2019un site Web avec classes de fran\u00e7ais<\/a>\u00a0\/ D. Fab\u00e9 \u00a069<\/p>\n<hr \/>\n<p><a href=\"https:\/\/www.revue-recherches.fr\/wp-content\/uploads\/2014\/06\/microsoft_word_-_093-108_charlet.pdf\" target=\"_blank\" rel=\"noopener\">L\u2019ordinateur dans la classe : un outil pour parler ensemble <\/a>\/ C. Charlet \u00a093<\/p>\n<hr \/>\n<p><a href=\"https:\/\/www.revue-recherches.fr\/wp-content\/uploads\/2014\/06\/p_109-126_lafourcade.pdf\" target=\"_blank\" rel=\"noopener\">Travailler le lexique avec l\u2019ordinateur en classe de seconde<\/a>\u00a0\/ B. Lafourcade \u00a0109<\/p>\n<hr \/>\n<p><a href=\"https:\/\/www.revue-recherches.fr\/wp-content\/uploads\/2014\/06\/p_127-132_plichon.pdf\" target=\"_blank\" rel=\"noopener\">Monsieur, on peut aller sur Internet ?<\/a>\u00a0\/ F. Plichon \u00a0127<\/p>\n<hr \/>\n<p><a href=\"https:\/\/www.revue-recherches.fr\/wp-content\/uploads\/2014\/06\/p_133-141_tancrez.pdf\" target=\"_blank\" rel=\"noopener\">Quelle classe-pupitre pour demain et pour quelles finalit\u00e9s ?<\/a>\u00a0\/ M. Tancrez \u00a0133<\/p>\n<hr \/>\n<p><a href=\"https:\/\/www.revue-recherches.fr\/wp-content\/uploads\/2015\/02\/R44_143-162-Falardeau-Carrier_version-site.pdf\" target=\"_blank\" rel=\"noopener\">Exploiter l\u2019interactivit\u00e9 d\u2019Internet avec les enseignants en formation dans la production de s\u00e9quences didactiques <\/a>\/ \u00c9. Falardeau, L.-P. Carrier \u00a0143<\/p>\n<hr \/>\n<p><a href=\"https:\/\/www.revue-recherches.fr\/wp-content\/uploads\/2017\/01\/R44_163-173-Inisan2.pdf\" target=\"_blank\" rel=\"noopener\">Passages : vers une culture professionnelle du num\u00e9rique<\/a>\/ J.-F. Inisan \u00a0163<\/p>\n<hr \/>\n<p><a href=\"https:\/\/www.revue-recherches.fr\/wp-content\/uploads\/2014\/06\/p_175-188_vlieghe.pdf\" target=\"_blank\" rel=\"noopener\">Des nouvelles du livre pour la jeunesse : journaux intimes (2) <\/a>\/ \u00c9. Vlieghe \u00a0175<\/p>\n<h3>\u00c9ditorial<\/h3>\n<blockquote><p>L\u2019ordinateur et la classe de fran\u00e7ais. Voil\u00e0 donc une fa\u00e7on apparemment fort simple de poser les choses : d\u2019un c\u00f4t\u00e9 la machine, de l\u2019autre la classe. Une machine qui, lorsqu\u2019elle est introduite \u2013 selon des modalit\u00e9s techniques diverses et des configurations plus ou moins heureuses \u2013 pose \u00e0 l\u2019enseignant la question cruciale du choix : utiliser ou non l\u2019outil. Et surtout comment ? En effet, la question nous semble \u00eatre bien l\u00e0 : quel int\u00e9r\u00eat d\u2019int\u00e9grer l\u2019ordinateur dans l\u2019enseignement du fran\u00e7ais ? Que se joue-t-il dans la classe, lorsque cette nouvelle technologie est convoqu\u00e9e ? <a href=\"https:\/\/www.revue-recherches.fr\/wp-content\/uploads\/2014\/06\/44_microsoft_word_-_005-006_edito.pdf\" target=\"_blank\" rel=\"noopener\">[&#8230;]<\/a><\/p><\/blockquote>\n<p>&nbsp;<\/p>\n","protected":false},"excerpt":{"rendered":"<p>Le num\u00e9ro pose la question de l&rsquo;int\u00e9r\u00eat de l&rsquo;outil informatique dans les pratiques professionnelles de l&rsquo;enseignant de fran\u00e7ais. Enseigner avec l&rsquo;ordinateur, c&rsquo;est \u00e0 la fois utiliser un outil suppl\u00e9mentaire et, dans un m\u00eame temps, d\u00e9mystifier la place de cet outil dans les repr\u00e9sentations des professeurs, des \u00e9l\u00e8ves et de l&rsquo;institution. Il s&rsquo;agit donc d&rsquo;interroger les &hellip; <a href=\"https:\/\/www.revue-recherches.fr\/?p=3265\" class=\"more-link\">Continuer la lecture de <span class=\"screen-reader-text\">N\u00b0 44 &#8211; L&rsquo;ORDINATEUR EN FRAN\u00c7AIS<\/span> <span class=\"meta-nav\">&rarr;<\/span><\/a><\/p>\n","protected":false},"author":3,"featured_media":0,"comment_status":"closed","ping_status":"open","sticky":false,"template":"","format":"standard","meta":[],"categories":[1093,1081],"tags":[],"_links":{"self":[{"href":"https:\/\/www.revue-recherches.fr\/index.php?rest_route=\/wp\/v2\/posts\/3265"}],"collection":[{"href":"https:\/\/www.revue-recherches.fr\/index.php?rest_route=\/wp\/v2\/posts"}],"about":[{"href":"https:\/\/www.revue-recherches.fr\/index.php?rest_route=\/wp\/v2\/types\/post"}],"author":[{"embeddable":true,"href":"https:\/\/www.revue-recherches.fr\/index.php?rest_route=\/wp\/v2\/users\/3"}],"replies":[{"embeddable":true,"href":"https:\/\/www.revue-recherches.fr\/index.php?rest_route=%2Fwp%2Fv2%2Fcomments&post=3265"}],"version-history":[{"count":8,"href":"https:\/\/www.revue-recherches.fr\/index.php?rest_route=\/wp\/v2\/posts\/3265\/revisions"}],"predecessor-version":[{"id":8470,"href":"https:\/\/www.revue-recherches.fr\/index.php?rest_route=\/wp\/v2\/posts\/3265\/revisions\/8470"}],"wp:attachment":[{"href":"https:\/\/www.revue-recherches.fr\/index.php?rest_route=%2Fwp%2Fv2%2Fmedia&parent=3265"}],"wp:term":[{"taxonomy":"category","embeddable":true,"href":"https:\/\/www.revue-recherches.fr\/index.php?rest_route=%2Fwp%2Fv2%2Fcategories&post=3265"},{"taxonomy":"post_tag","embeddable":true,"href":"https:\/\/www.revue-recherches.fr\/index.php?rest_route=%2Fwp%2Fv2%2Ftags&post=3265"}],"curies":[{"name":"wp","href":"https:\/\/api.w.org\/{rel}","templated":true}]}}