{"id":3259,"date":"2014-06-15T07:19:24","date_gmt":"2014-06-15T05:19:24","guid":{"rendered":"http:\/\/www.revue-recherches.fr\/?p=3259"},"modified":"2023-01-06T19:29:18","modified_gmt":"2023-01-06T18:29:18","slug":"n-42-classer","status":"publish","type":"post","link":"https:\/\/www.revue-recherches.fr\/?p=3259","title":{"rendered":"N\u00b0 42 &#8211; CLASSER"},"content":{"rendered":"<p style=\"text-align: justify;\"><img loading=\"lazy\" class=\"alignright size-medium wp-image-461\" src=\"http:\/\/www.revue-recherches.fr\/wp-content\/uploads\/2014\/06\/R42-300x444.jpg\" alt=\"\" width=\"300\" height=\"444\" srcset=\"https:\/\/www.revue-recherches.fr\/wp-content\/uploads\/2014\/06\/R42-300x444.jpg 300w, https:\/\/www.revue-recherches.fr\/wp-content\/uploads\/2014\/06\/R42.jpg 675w\" sizes=\"(max-width: 300px) 100vw, 300px\" \/>Les op\u00e9rations de classement font partie des pratiques quotidiennes spontan\u00e9es de l&rsquo;enseignement du fran\u00e7ais. Il s&rsquo;agit ici d&rsquo;interroger ces classements propos\u00e9s aux \u00e9l\u00e8ves comme objets de savoir et leurs d\u00e9rives normatives. La notion de typologies de textes est-elle d\u00e9pass\u00e9e ? Quel statut scolaire accorder aux cat\u00e9gories grammaticales ? Quelles repr\u00e9sentations ces habitudes de classements induisent-elles chez les \u00e9l\u00e8ves ?<br \/>\nD\u00e8s lors, c&rsquo;est le classement comme activit\u00e9 heuristique qui sera au c\u0153ur des propositions didactiques et p\u00e9dagogiques de ce num\u00e9ro.\u00a0 On y trouvera des propositions qui font \u00e9cho \u00e0 ces analyses pour classer les textes au coll\u00e8ge et au lyc\u00e9e mais aussi pour classer la langue en primaire, au coll\u00e8ge et en lyc\u00e9e professionnel.<\/p>\n<p style=\"text-align: left;\">Le num\u00e9ro est en vente <a href=\"https:\/\/www.revue-recherches.fr\/?page_id=788\" target=\"_blank\" rel=\"noopener\">sur notre site<\/a>. Les articles sont t\u00e9l\u00e9chargeables sur cette page.<\/p>\n<h3>Sommaire<\/h3>\n<h5><strong>CLASSER LES TEXTES<br \/>\n<\/strong><\/h5>\n<p><a href=\"https:\/\/www.revue-recherches.fr\/wp-content\/uploads\/2014\/06\/42_011-023__adam_.pdf\" target=\"_blank\" rel=\"noopener\">La notion de typologie de textes en didactique du fran\u00e7ais : une notion \u00ab d\u00e9pass\u00e9e \u00bb ?\u00a0<\/a> \/ J.-M. Adam\u00a0 11<\/p>\n<hr \/>\n<p><a href=\"https:\/\/www.revue-recherches.fr\/wp-content\/uploads\/2014\/06\/42_025-036__mercier_.pdf\" target=\"_blank\" rel=\"noopener\">Classer des textes pour d\u00e9couvrir le romantisme en classe de seconde\u00a0 \/\u00a0<\/a>C. Mercier\u00a0 25<\/p>\n<hr \/>\n<p><a href=\"https:\/\/www.revue-recherches.fr\/wp-content\/uploads\/2014\/06\/42_037-061__denizot_.pdf\" target=\"_blank\" rel=\"noopener\">Classements en genres et autres classifications textuelles\u00a0 \/\u00a0<\/a>N. Denizot\u00a0 37<\/p>\n<hr \/>\n<p><a href=\"https:\/\/www.revue-recherches.fr\/wp-content\/uploads\/2015\/02\/42_063-074__cauterman_versionsite.pdf\" target=\"_blank\" rel=\"noopener\">Range ta chambre !\u00a0<\/a> \/\u00a0M.-M. Cauterman\u00a0 63<\/p>\n<hr \/>\n<p><a href=\"https:\/\/www.revue-recherches.fr\/wp-content\/uploads\/2014\/06\/42_075-089__garcia-debanc_.pdf\" target=\"_blank\" rel=\"noopener\">Les tris de textes : vingt ans apr\u00e8s\u00a0 \/\u00a0<\/a>C. Garcia-Debanc \u00a075<\/p>\n<hr \/>\n<h5><strong>CLASSER LA LANGUE<\/strong><\/h5>\n<p><a href=\"https:\/\/www.revue-recherches.fr\/wp-content\/uploads\/2014\/06\/42_093-109__dal_.pdf\" target=\"_blank\" rel=\"noopener\">Les activit\u00e9s de classement dans le domaine grammatical : et si les erreurs de classement n\u2019en \u00e9taient pas toujours ?\u00a0 \/\u00a0<\/a>G. Dal\u00a0 93<\/p>\n<hr \/>\n<p><a href=\"https:\/\/www.revue-recherches.fr\/wp-content\/uploads\/2015\/02\/42-111-118-_Heems__versionsite.pdf\" target=\"_blank\" rel=\"noopener\">Est-ce que le canard est un oiseau\u00a0?<\/a>\u00a0\u00a0 \/ P. Heems\u00a0 111<\/p>\n<hr \/>\n<p><a href=\"https:\/\/www.revue-recherches.fr\/wp-content\/uploads\/2015\/02\/42_119-129_larat_versionsite.pdf\" target=\"_blank\" rel=\"noopener\">Enseigner la grammaire de la phrase en BEP ou Lautr\u00e9amont et l\u2019OULIPO au secours de l\u2019expansion du groupe nominal<\/a>\u00a0 \/\u00a0C. Larat\u00a0 119<\/p>\n<hr \/>\n<p><a href=\"https:\/\/www.revue-recherches.fr\/wp-content\/uploads\/2014\/06\/42_131-140__bleuse_.pdf\" target=\"_blank\" rel=\"noopener\">Cr\u00e9er ses propres classements en construisant des vraies cases de rangements<\/a>\u00a0 \/ M. Bleuse\u00a0 131<\/p>\n<hr \/>\n<h5><strong>PROBL\u00c8MES DU CLASSEMENT<\/strong><\/h5>\n<p><a href=\"https:\/\/www.revue-recherches.fr\/wp-content\/uploads\/2014\/06\/42_143-158__suffys_.pdf\" target=\"_blank\" rel=\"noopener\">Classer, organiser, ranger, trier\u2026, et puis apr\u00e8s ?<\/a>\u00a0 \/ S. Suffys\u00a0 143<\/p>\n<hr \/>\n<p><a href=\"https:\/\/www.revue-recherches.fr\/wp-content\/uploads\/2014\/06\/42_159-181__denizot_.pdf\" target=\"_blank\" rel=\"noopener\">Classer la litt\u00e9rature au CDI<\/a>\u00a0 \/ N. Denizot\u00a0 159<\/p>\n<hr \/>\n<p><a href=\"https:\/\/www.revue-recherches.fr\/wp-content\/uploads\/2014\/06\/42_185-192__vlieghe_.pdf\" target=\"_blank\" rel=\"noopener\">Des nouvelles du livre pour la jeunesse : pactes avec le diable (2)<\/a>\u00a0 \/ \u00c9. Vlieghe \u00a0185<\/p>\n<h3>\u00c9ditorial<\/h3>\n<blockquote>\n<p style=\"text-align: justify;\">Il y a les oiseaux (\u00e0 c\u00f4t\u00e9, les mammif\u00e8res\u00a0; encore \u00e0 c\u00f4t\u00e9\u2026\u00a0: tracer colonnes). Il y a les m\u00e9sanges (\u00e0 c\u00f4t\u00e9\u2026\u00a0; encore \u00e0 c\u00f4t\u00e9\u2026\u00a0: tracer sous-colonnes dans premi\u00e8re colonne. Sans oublier l\u2019\u00e9meu). Il y a les m\u00e9sanges bleues, les m\u00e9sanges \u00e0 longue queue\u2026 (liste \u00e0 ouvrir dans premi\u00e8re sous-colonne). Et les m\u00e9sanges bleues selon qu\u2019elles vivent dans le Nord de l\u2019Europe ou le pourtour m\u00e9diterran\u00e9en seront \u00e0 distinguer. Mais s\u2019il est vrai que la m\u00e9sange mange perch\u00e9e sur sa nourriture, t\u00eate en bas, qu\u2019est-ce que c\u2019est que ce moineau qui mange maintenant lui aussi la t\u00eate en bas, perch\u00e9e sur cette boule de graisse et de graines dite \u00ab\u00a0boule \u00e0 m\u00e9sanges\u00a0\u00bb\u00a0? Est-il pour autant devenu m\u00e9sange\u00a0? Vraisemblablement non. Mais il est s\u00fbrement rest\u00e9 oiseau.<br \/>\nAu d\u00e9but fut le nom. Nomen. <a href=\"http:\/\/www.revue-recherches.fr\/wp-content\/uploads\/2014\/06\/42_005-007__editorial_.pdf\" target=\"_blank\" rel=\"noopener\">[<\/a><a href=\"https:\/\/www.revue-recherches.fr\/wp-content\/uploads\/2014\/06\/42_005-007__editorial_.pdf\" target=\"_blank\" rel=\"noopener\">&#8230;]<\/a><\/p>\n<\/blockquote>\n","protected":false},"excerpt":{"rendered":"<p>Les op\u00e9rations de classement font partie des pratiques quotidiennes spontan\u00e9es de l&rsquo;enseignement du fran\u00e7ais. Il s&rsquo;agit ici d&rsquo;interroger ces classements propos\u00e9s aux \u00e9l\u00e8ves comme objets de savoir et leurs d\u00e9rives normatives. La notion de typologies de textes est-elle d\u00e9pass\u00e9e ? Quel statut scolaire accorder aux cat\u00e9gories grammaticales ? Quelles repr\u00e9sentations ces habitudes de classements induisent-elles &hellip; <a href=\"https:\/\/www.revue-recherches.fr\/?p=3259\" class=\"more-link\">Continuer la lecture de <span class=\"screen-reader-text\">N\u00b0 42 &#8211; CLASSER<\/span> <span class=\"meta-nav\">&rarr;<\/span><\/a><\/p>\n","protected":false},"author":3,"featured_media":0,"comment_status":"closed","ping_status":"open","sticky":false,"template":"","format":"standard","meta":[],"categories":[1093,1081],"tags":[],"_links":{"self":[{"href":"https:\/\/www.revue-recherches.fr\/index.php?rest_route=\/wp\/v2\/posts\/3259"}],"collection":[{"href":"https:\/\/www.revue-recherches.fr\/index.php?rest_route=\/wp\/v2\/posts"}],"about":[{"href":"https:\/\/www.revue-recherches.fr\/index.php?rest_route=\/wp\/v2\/types\/post"}],"author":[{"embeddable":true,"href":"https:\/\/www.revue-recherches.fr\/index.php?rest_route=\/wp\/v2\/users\/3"}],"replies":[{"embeddable":true,"href":"https:\/\/www.revue-recherches.fr\/index.php?rest_route=%2Fwp%2Fv2%2Fcomments&post=3259"}],"version-history":[{"count":7,"href":"https:\/\/www.revue-recherches.fr\/index.php?rest_route=\/wp\/v2\/posts\/3259\/revisions"}],"predecessor-version":[{"id":8475,"href":"https:\/\/www.revue-recherches.fr\/index.php?rest_route=\/wp\/v2\/posts\/3259\/revisions\/8475"}],"wp:attachment":[{"href":"https:\/\/www.revue-recherches.fr\/index.php?rest_route=%2Fwp%2Fv2%2Fmedia&parent=3259"}],"wp:term":[{"taxonomy":"category","embeddable":true,"href":"https:\/\/www.revue-recherches.fr\/index.php?rest_route=%2Fwp%2Fv2%2Fcategories&post=3259"},{"taxonomy":"post_tag","embeddable":true,"href":"https:\/\/www.revue-recherches.fr\/index.php?rest_route=%2Fwp%2Fv2%2Ftags&post=3259"}],"curies":[{"name":"wp","href":"https:\/\/api.w.org\/{rel}","templated":true}]}}