{"id":3226,"date":"2014-06-14T13:48:52","date_gmt":"2014-06-14T11:48:52","guid":{"rendered":"http:\/\/www.revue-recherches.fr\/?p=3226"},"modified":"2023-01-26T10:41:35","modified_gmt":"2023-01-26T09:41:35","slug":"n-34-images","status":"publish","type":"post","link":"https:\/\/www.revue-recherches.fr\/?p=3226","title":{"rendered":"N\u00b0 34 &#8211; IMAGES"},"content":{"rendered":"<p style=\"text-align: left;\"><img loading=\"lazy\" class=\"alignright size-medium wp-image-535\" src=\"http:\/\/www.revue-recherches.fr\/wp-content\/uploads\/2014\/06\/R34-300x457.jpg\" alt=\"\" width=\"300\" height=\"457\" srcset=\"https:\/\/www.revue-recherches.fr\/wp-content\/uploads\/2014\/06\/R34-300x458.jpg 300w, https:\/\/www.revue-recherches.fr\/wp-content\/uploads\/2014\/06\/R34.jpg 918w\" sizes=\"(max-width: 300px) 100vw, 300px\" \/>Des propositions de travail sur des supports imag\u00e9s tr\u00e8s divers\u00a0: un film, des affiches de film ou de pi\u00e8ces de th\u00e9\u00e2tre, des illustrations de nouvelles, des images de Pef ou de Goya, des bandes dessin\u00e9es\u2026 Se servir de l\u2019image pour faire parler, pour apprendre \u00e0 lire et \u00e0 communiquer (article d\u2019une \u00e9quipe de l\u2019institut de r\u00e9\u00e9ducation psychoth\u00e9rapeutique de Roubaix consacr\u00e9 \u00e0 l\u2019usage du pictogramme), pour se regarder (travail sur des pr\u00e9sentations orales film\u00e9es en 3<sup>e<\/sup> d\u2019insertion), pour comprendre d\u2019autres images, pour faire \u00e9crire et inventer. Des points de vue sur l\u2019image que les \u00e9l\u00e8ves ont et donnent d\u2019eux-m\u00eames mais aussi des interrogations sur la pseudo-\u00e9vidence de l\u2019image et de son utilisation comme facilitateur d\u2019apprentissage.<\/p>\n<p style=\"text-align: justify;\">Le num\u00e9ro est en vente <a href=\"https:\/\/www.revue-recherches.fr\/?page_id=788\" target=\"_blank\" rel=\"noopener\">sur notre site<\/a>.<br \/>\nLes articles sont t\u00e9l\u00e9chargeables sur cette page.<\/p>\n<h3>Sommaire<\/h3>\n<p><a href=\"https:\/\/www.revue-recherches.fr\/wp-content\/uploads\/2021\/01\/R34-6-14-GODBILLE-PDF.pdf\" target=\"_blank\" rel=\"noopener\">Image de soi, oral et vid\u00e9o<\/a>\u00a0 \/\u00a0 L. Godbille 7<\/p>\n<hr \/>\n<p><a href=\"https:\/\/www.revue-recherches.fr\/wp-content\/uploads\/2021\/01\/R34-15-33-HABI-CAUTERMAN-PDF.pdf\" target=\"_blank\" rel=\"noopener\">Le freak, c&rsquo;est chic !<\/a> \/\u00a0 M. Habi 15<\/p>\n<hr \/>\n<p><a href=\"https:\/\/www.revue-recherches.fr\/wp-content\/uploads\/2021\/01\/R34-35-39-HEEMS-PDF.pdf\" target=\"_blank\" rel=\"noopener\">Pas besoin de leur faire un dessin : quelques r\u00e9flexions \u00e0 propos de ces petits dessins qui, normalement, valent mieux qu&rsquo;un long discours<\/a>\u00a0 \/\u00a0\u00a0 Ch. Deneuville, Patrice Heems 35<\/p>\n<hr \/>\n<p><a href=\"https:\/\/www.revue-recherches.fr\/wp-content\/uploads\/2016\/01\/R34-41-61-HANNECART_version-site.pdf\" target=\"_blank\" rel=\"noopener\">Champ\/contre-champ sur l&rsquo;image et le texte litt\u00e9raire en classe de 4<sup>e<\/sup> : lectures du fantastique<\/a>\u00a0 \/\u00a0 J.-P. Hannecart 41<\/p>\n<hr \/>\n<p><a href=\"https:\/\/www.revue-recherches.fr\/wp-content\/uploads\/2014\/06\/R34-63-64-GODBILLE-PDF.pdf\" target=\"_blank\" rel=\"noopener\">Le choc des images ou la v\u00e9rit\u00e9 sort de la bouche de Marcel\u00a0 <\/a>\/\u00a0 L. Godbille\u00a0 63<\/p>\n<hr \/>\n<p><a href=\"https:\/\/www.revue-recherches.fr\/wp-content\/uploads\/2021\/01\/R34-65-80-BLIEZ-SULLEROT-PDF.pdf\" target=\"_blank\" rel=\"noopener\">Travailler dans les classes avec le photolangage\u00a0 \/\u00a0 N. Bliez-Sutterot 65<\/a><\/p>\n<hr \/>\n<p><a href=\"https:\/\/www.revue-recherches.fr\/wp-content\/uploads\/2021\/01\/R34-81-98-FABE-PDF.pdf\" target=\"_blank\" rel=\"noopener\">Quatre images pour une s\u00e9quence<\/a>\u00a0 \/\u00a0 D. Fab\u00e9\u00a081<\/p>\n<hr \/>\n<p><a href=\"https:\/\/www.revue-recherches.fr\/wp-content\/uploads\/2021\/01\/R34-99-109-COLL-GAFFEZ-KETELS-PDF.pdf\" target=\"_blank\" rel=\"noopener\">Communiquer et apprendre \u00e0 l&rsquo;aide du pictogramme<\/a>\u00a0 \/\u00a0 O. Gaffez, V. Ketels, K. Khiter, C. Monnier, P. Turbot, 99<\/p>\n<hr \/>\n<p><a href=\"https:\/\/www.revue-recherches.fr\/wp-content\/uploads\/2021\/01\/R34-110-120-DESPREZ-PDF.pdf\" target=\"_blank\" rel=\"noopener\">L&rsquo;image r\u00e9fl\u00e9chie des \u00e9l\u00e8ves<\/a>\u00a0 \/\u00a0 M.-F. Desprez 111<\/p>\n<hr \/>\n<p><a href=\"https:\/\/www.revue-recherches.fr\/wp-content\/uploads\/2016\/01\/R34-121-190-TERNOY-SUFFYS-PDF_version-site.pdf\" target=\"_blank\" rel=\"noopener\">Des images molles aux traces du langage. Du langage imag\u00e9 aux images qui parlent\u00a0<\/a> \/\u00a0 S. Suffys, M. Ternoy 121<\/p>\n<hr \/>\n<p><a href=\"https:\/\/www.revue-recherches.fr\/wp-content\/uploads\/2021\/01\/R34-191-195-ACHILLE-PDF.pdf\" target=\"_blank\" rel=\"noopener\">Image, attention \u00e0 la noyade\u00a0<\/a> \/\u00a0 A. Achille 191<\/p>\n<hr \/>\n<p><a href=\"https:\/\/www.revue-recherches.fr\/wp-content\/uploads\/2021\/01\/R34-197-225-BOCHATON-SERLET-PDF.pdf\" target=\"_blank\" rel=\"noopener\">Trafic d&rsquo;affiches<\/a>\u00a0 \/\u00a0 K. Serlet, G. Bochaton 197<\/p>\n<hr \/>\n<p><a href=\"https:\/\/www.revue-recherches.fr\/wp-content\/uploads\/2016\/01\/R34-227-242-DENIZOT-MERCIER_version-site.pdf\" target=\"_blank\" rel=\"noopener\">Bande dessin\u00e9e et genre policier en classe de seconde<\/a>\u00a0 \/\u00a0 N. Denizot, C. Mercier 227<\/p>\n<hr \/>\n<p><a href=\"https:\/\/www.revue-recherches.fr\/wp-content\/uploads\/2021\/01\/R34-243-251-VLIEGHE-PDF.pdf\" target=\"_blank\" rel=\"noopener\">Des nouvelles du livre pour la jeunesse : le vampire (1)<\/a>\u00a0 \/\u00a0 \u00c9. Vlieghe<\/p>\n<h3>\u00c9ditorial<\/h3>\n<blockquote>\n<p style=\"text-align: justify;\">Qu\u2019est-ce qui a conduit le comit\u00e9 de r\u00e9daction de <em>Recherches<\/em> \u00e0 consacrer un num\u00e9ro de la revue \u00e0 l\u2019image ? Tentation de la mode ? Apr\u00e8s l\u2019oral, la litt\u00e9rature de jeunesse, autres th\u00e8mes particuli\u00e8rement branch\u00e9s, l\u2019image serait-elle un sujet tr\u00e8s tendance ? Si telle \u00e9tait notre motivation, il faut bien dire que nous serions un peu d\u00e9cal\u00e9s : voil\u00e0 de nombreuses ann\u00e9es d\u00e9sormais que cette \u00ab mode \u00bb s\u00e9vit, sinon dans les pratiques majoritaires, du moins dans les injonctions officielles comme dans les manuels qui cherchent consciencieusement \u00e0 ob\u00e9ir \u00e0 ces derni\u00e8res\u2026<br \/>\nLa motivation de ce num\u00e9ro est \u00e9videmment ailleurs : l\u2019enseignement de l\u2019image en cours de fran\u00e7ais a d\u00e9sormais une histoire suffisamment longue pour qu\u2019on puisse exercer un regard critique sur les effets didactiques et p\u00e9dagogiques de cette injonction institutionnelle.<a href=\"https:\/\/www.revue-recherches.fr\/wp-content\/uploads\/2014\/06\/R34-5-6-EDITO.-PDF.pdf\" target=\"_blank\" rel=\"noopener\"> [&#8230;]<\/a><\/p>\n<\/blockquote>\n","protected":false},"excerpt":{"rendered":"<p>Des propositions de travail sur des supports imag\u00e9s tr\u00e8s divers\u00a0: un film, des affiches de film ou de pi\u00e8ces de th\u00e9\u00e2tre, des illustrations de nouvelles, des images de Pef ou de Goya, des bandes dessin\u00e9es\u2026 Se servir de l\u2019image pour faire parler, pour apprendre \u00e0 lire et \u00e0 communiquer (article d\u2019une \u00e9quipe de l\u2019institut de &hellip; <a href=\"https:\/\/www.revue-recherches.fr\/?p=3226\" class=\"more-link\">Continuer la lecture de <span class=\"screen-reader-text\">N\u00b0 34 &#8211; IMAGES<\/span> <span class=\"meta-nav\">&rarr;<\/span><\/a><\/p>\n","protected":false},"author":3,"featured_media":0,"comment_status":"closed","ping_status":"open","sticky":false,"template":"","format":"standard","meta":[],"categories":[1093,1081],"tags":[],"_links":{"self":[{"href":"https:\/\/www.revue-recherches.fr\/index.php?rest_route=\/wp\/v2\/posts\/3226"}],"collection":[{"href":"https:\/\/www.revue-recherches.fr\/index.php?rest_route=\/wp\/v2\/posts"}],"about":[{"href":"https:\/\/www.revue-recherches.fr\/index.php?rest_route=\/wp\/v2\/types\/post"}],"author":[{"embeddable":true,"href":"https:\/\/www.revue-recherches.fr\/index.php?rest_route=\/wp\/v2\/users\/3"}],"replies":[{"embeddable":true,"href":"https:\/\/www.revue-recherches.fr\/index.php?rest_route=%2Fwp%2Fv2%2Fcomments&post=3226"}],"version-history":[{"count":9,"href":"https:\/\/www.revue-recherches.fr\/index.php?rest_route=\/wp\/v2\/posts\/3226\/revisions"}],"predecessor-version":[{"id":8527,"href":"https:\/\/www.revue-recherches.fr\/index.php?rest_route=\/wp\/v2\/posts\/3226\/revisions\/8527"}],"wp:attachment":[{"href":"https:\/\/www.revue-recherches.fr\/index.php?rest_route=%2Fwp%2Fv2%2Fmedia&parent=3226"}],"wp:term":[{"taxonomy":"category","embeddable":true,"href":"https:\/\/www.revue-recherches.fr\/index.php?rest_route=%2Fwp%2Fv2%2Fcategories&post=3226"},{"taxonomy":"post_tag","embeddable":true,"href":"https:\/\/www.revue-recherches.fr\/index.php?rest_route=%2Fwp%2Fv2%2Ftags&post=3226"}],"curies":[{"name":"wp","href":"https:\/\/api.w.org\/{rel}","templated":true}]}}