{"id":3220,"date":"2014-06-14T13:32:05","date_gmt":"2014-06-14T11:32:05","guid":{"rendered":"http:\/\/www.revue-recherches.fr\/?p=3220"},"modified":"2023-01-25T11:53:39","modified_gmt":"2023-01-25T10:53:39","slug":"n-32-litterature-de-jeunesse","status":"publish","type":"post","link":"https:\/\/www.revue-recherches.fr\/?p=3220","title":{"rendered":"N\u00b0 32 &#8211; LITT\u00c9RATURE DE JEUNESSE"},"content":{"rendered":"<p style=\"text-align: justify;\"><img loading=\"lazy\" class=\"alignright size-medium wp-image-531\" src=\"http:\/\/www.revue-recherches.fr\/wp-content\/uploads\/2014\/06\/R32-300x457.jpg\" alt=\"\" width=\"300\" height=\"457\" srcset=\"https:\/\/www.revue-recherches.fr\/wp-content\/uploads\/2014\/06\/R32-300x458.jpg 300w, https:\/\/www.revue-recherches.fr\/wp-content\/uploads\/2014\/06\/R32.jpg 904w\" sizes=\"(max-width: 300px) 100vw, 300px\" \/>Depuis que la litt\u00e9rature de jeunes est entr\u00e9e en classe, qu\u2019est-elle devenue ? Comment continuer \u00e0 innover avec les livres ou les albums en lecture et \u00e9criture sans c\u00e9der \u00e0 la banalisation scolaire ? Des d\u00e9marches sont propos\u00e9es pour le coll\u00e8ge et les \u00e9l\u00e8ves en difficult\u00e9 de l\u2019\u00e9cole \u00e9l\u00e9mentaire. Peut-\u00eatre faut-il aller aussi voir en dehors de la classe, dans les quartiers et aupr\u00e8s des parents, ou, dans le cadre des activit\u00e9s scolaires, emmener les \u00e9l\u00e8ves dans une \u00ab\u00a0vraie\u00a0\u00bb librairie, ouvrir le CDI \u00e0 de \u00ab\u00a0vrais\u00a0\u00bb auteurs. Pour finir, il est \u00e9galement int\u00e9ressant de s\u2019informer sur l\u2019\u00e9dition (comment \u00e9volue-t-elle ? qu\u2019en\u00a0disent les \u00e9diteurs ?).<\/p>\n<p style=\"text-align: justify;\">Le num\u00e9ro est en vente<a href=\"https:\/\/www.revue-recherches.fr\/?page_id=788\" target=\"_blank\" rel=\"noopener\"> sur notre site<\/a>.<br \/>\nLes articles sont t\u00e9l\u00e9chargeables sur cette page.<\/p>\n<h3 style=\"text-align: justify;\">Sommaire<\/h3>\n<p><a href=\"https:\/\/www.revue-recherches.fr\/wp-content\/uploads\/2016\/01\/R32_9-40_Fab\u00e9-Suffys.pdf\" target=\"_blank\" rel=\"noopener\">La litt\u00e9rature de\u2026 ?<\/a> \/ D. Fab\u00e9, S. Suffys\u00a0 9<\/p>\n<hr \/>\n<p><a href=\"https:\/\/www.revue-recherches.fr\/wp-content\/uploads\/2016\/01\/R32_41-49_Darras-Desprez.pdf\" target=\"_blank\" rel=\"noopener\">Libres lecteurs : lire des albums pour ne rien apprendre\/enseigner<\/a> \/ F. Darras, M.-F Desprez\u00a0 41<\/p>\n<hr \/>\n<p><a href=\"https:\/\/www.revue-recherches.fr\/wp-content\/uploads\/2016\/01\/R32_51-78_Thirard.pdf\" target=\"_blank\" rel=\"noopener\">Le conte, litt\u00e9rature enfantine ? L&rsquo;histoire d&rsquo;un malentendu<\/a> \/ M.-A. Thirard\u00a0 51<\/p>\n<hr \/>\n<p><a href=\"https:\/\/www.revue-recherches.fr\/wp-content\/uploads\/2016\/01\/R32_79-92_Constant.pdf\" target=\"_blank\" rel=\"noopener\">Litt\u00e9ratures de jeunesse : quelle l\u00e9gitimit\u00e9 scolaire ? <\/a>\/ M. Constant\u00a0 79<\/p>\n<hr \/>\n<p><a href=\"https:\/\/www.revue-recherches.fr\/wp-content\/uploads\/2016\/01\/R32_93-110_Godbille.pdf\" target=\"_blank\" rel=\"noopener\">La caverne de Batman. Visite au pays des livres<\/a> \/ L. Godbille\u00a0 93<\/p>\n<hr \/>\n<p><a href=\"https:\/\/www.revue-recherches.fr\/wp-content\/uploads\/2016\/01\/R32_111-125_Desprez-Vlieghe.pdf\" target=\"_blank\" rel=\"noopener\">\u00c0 la rencontre des \u00e9diteurs\u2026<\/a> \/ M.-F. Desprez, \u00c9. Vlieghe\u00a0 111<\/p>\n<hr \/>\n<p><a href=\"https:\/\/www.revue-recherches.fr\/wp-content\/uploads\/2016\/01\/R32_127-142_collectif.pdf\" target=\"_blank\" rel=\"noopener\">Histoires de livres dans un quartier<\/a> \/ par ses acteurs\u00a0 127<\/p>\n<hr \/>\n<p><a href=\"https:\/\/www.revue-recherches.fr\/wp-content\/uploads\/2016\/01\/R32_143-145_Heems.pdf\" target=\"_blank\" rel=\"noopener\">On va faire une BCD dans l&rsquo;\u00e9cole, comme \u00e7a on aura une BCD dans l&rsquo;\u00e9cole<\/a> \/ P. Heems\u00a0 143<\/p>\n<hr \/>\n<p><a href=\"https:\/\/www.revue-recherches.fr\/wp-content\/uploads\/2016\/01\/R32_147-157_Bocquet.pdf\" target=\"_blank\" rel=\"noopener\">Animer les livres\u2026 oui ou non ?<\/a> \/ A. Bocquet\u00a0 147<\/p>\n<hr \/>\n<p>Regards de parents \/ L. Godbille\u00a0 159<\/p>\n<hr \/>\n<p><a href=\"https:\/\/www.revue-recherches.fr\/wp-content\/uploads\/2016\/01\/R32_167-174_Vlieghe.pdf\" target=\"_blank\" rel=\"noopener\">Lecture cursive: restituer&#8230; Oui, mais comment ?<\/a> \/ \u00c9. Vlieghe\u00a0 167<\/p>\n<p><a href=\"https:\/\/www.revue-recherches.fr\/wp-content\/uploads\/2016\/01\/R32_175-180_Heems.pdf\" target=\"_blank\" rel=\"noopener\">Le g\u00e9ant, le cagibi et le cam\u00e9scope (Une recette de lecture au cycle II)<\/a> \/ P. Heems\u00a0 175<\/p>\n<hr \/>\n<p><a href=\"https:\/\/www.revue-recherches.fr\/wp-content\/uploads\/2016\/01\/R32_181-194_Serlet.pdf\" target=\"_blank\" rel=\"noopener\">O\u00f9 il n&rsquo;est pas question de recettes miracles pour faire lire les \u00e9l\u00e8ves&#8230;<\/a> \/ K. Serlet\u00a0 181<\/p>\n<hr \/>\n<p><a href=\"https:\/\/www.revue-recherches.fr\/wp-content\/uploads\/2016\/01\/R32_195-207_Vautravers.pdf\" target=\"_blank\" rel=\"noopener\">Visite guid\u00e9e dans le monde des albums pour les coll\u00e9giens<\/a> \/ A. Vautravers\u00a0 195<\/p>\n<hr \/>\n<p><a href=\"https:\/\/www.revue-recherches.fr\/wp-content\/uploads\/2016\/01\/R32_209-221_Vlieghe.pdf\" target=\"_blank\" rel=\"noopener\">Derni\u00e8res tendances en mati\u00e8re de collections&#8230;<\/a> \/ \u00c9. Vlieghe\u00a0 209<\/p>\n<hr \/>\n<p><a href=\"https:\/\/www.revue-recherches.fr\/wp-content\/uploads\/2016\/01\/R32_223-230_Vlieghe.pdf\" target=\"_blank\" rel=\"noopener\">Chronique des \u00ab\u00a0chroniques de litt\u00e9rature de jeunesse&#8230;\u00a0\u00bb et compl\u00e9ments pour T. Lenain et Gudule<\/a> (R. 22 et R. 26) \/ \u00c9. Vlieghe\u00a0 223<\/p>\n<h3>\u00c9ditorial<\/h3>\n<blockquote>\n<p style=\"text-align: justify;\">Il y a une quinzaine d\u2019ann\u00e9es, les p\u00e9dagogues qui voulaient r\u00e9nover l\u2019enseignement du fran\u00e7ais \u00e0 l\u2019\u00e9cole et au coll\u00e8ge d\u00e9couvraient la litt\u00e9rature de jeunesse et la faisaient entrer en force dans les classes. Contre la litt\u00e9rature. En apparence du moins. De toute \u00e9vidence, dans l\u2019expression <em>litt\u00e9rature de jeunesse, <\/em>c\u2019est le mot <em>jeunesse <\/em>qui retenait toute leur attention : enfin un objet \u00e0 lire qui s\u2019affichait comme tel, mais qui en m\u00eame temps affichait son lectorat ; posait son lecteur en m\u00eame temps qu\u2019il se posait. Il y avait bien longtemps que le lecteur avait disparu, du c\u00f4t\u00e9 de l\u2019autre, de la vraie litt\u00e9rature : la puissance imposante de l\u2019objet \u00e0 lire l\u2019avait \u00e9cras\u00e9, depuis longtemps. Alors comme il commen\u00e7ait \u00e0 se dire qu\u2019il ne pouvait pas y avoir d\u2019apprentissage sans \u00e9l\u00e8ve, il commen\u00e7ait \u00e0 se dire aussi qu\u2019il ne pouvait y avoir de lecture sans lecteur. En entrant en force dans les classes, la litt\u00e9rature de jeunesse a surtout fait entrer dans les classes, le lecteur, son travail, sa zone de comp\u00e9tence dans le texte, dans la construction du sens. <a href=\"https:\/\/www.revue-recherches.fr\/wp-content\/uploads\/2016\/01\/R32_5-7_Edito.pdf\" target=\"_blank\" rel=\"noopener\">[&#8230;]<\/a><\/p>\n<\/blockquote>\n","protected":false},"excerpt":{"rendered":"<p>Depuis que la litt\u00e9rature de jeunes est entr\u00e9e en classe, qu\u2019est-elle devenue ? Comment continuer \u00e0 innover avec les livres ou les albums en lecture et \u00e9criture sans c\u00e9der \u00e0 la banalisation scolaire ? Des d\u00e9marches sont propos\u00e9es pour le coll\u00e8ge et les \u00e9l\u00e8ves en difficult\u00e9 de l\u2019\u00e9cole \u00e9l\u00e9mentaire. Peut-\u00eatre faut-il aller aussi voir en &hellip; <a href=\"https:\/\/www.revue-recherches.fr\/?p=3220\" class=\"more-link\">Continuer la lecture de <span class=\"screen-reader-text\">N\u00b0 32 &#8211; LITT\u00c9RATURE DE JEUNESSE<\/span> <span class=\"meta-nav\">&rarr;<\/span><\/a><\/p>\n","protected":false},"author":3,"featured_media":0,"comment_status":"closed","ping_status":"open","sticky":false,"template":"","format":"standard","meta":[],"categories":[1093,1081],"tags":[],"_links":{"self":[{"href":"https:\/\/www.revue-recherches.fr\/index.php?rest_route=\/wp\/v2\/posts\/3220"}],"collection":[{"href":"https:\/\/www.revue-recherches.fr\/index.php?rest_route=\/wp\/v2\/posts"}],"about":[{"href":"https:\/\/www.revue-recherches.fr\/index.php?rest_route=\/wp\/v2\/types\/post"}],"author":[{"embeddable":true,"href":"https:\/\/www.revue-recherches.fr\/index.php?rest_route=\/wp\/v2\/users\/3"}],"replies":[{"embeddable":true,"href":"https:\/\/www.revue-recherches.fr\/index.php?rest_route=%2Fwp%2Fv2%2Fcomments&post=3220"}],"version-history":[{"count":4,"href":"https:\/\/www.revue-recherches.fr\/index.php?rest_route=\/wp\/v2\/posts\/3220\/revisions"}],"predecessor-version":[{"id":8524,"href":"https:\/\/www.revue-recherches.fr\/index.php?rest_route=\/wp\/v2\/posts\/3220\/revisions\/8524"}],"wp:attachment":[{"href":"https:\/\/www.revue-recherches.fr\/index.php?rest_route=%2Fwp%2Fv2%2Fmedia&parent=3220"}],"wp:term":[{"taxonomy":"category","embeddable":true,"href":"https:\/\/www.revue-recherches.fr\/index.php?rest_route=%2Fwp%2Fv2%2Fcategories&post=3220"},{"taxonomy":"post_tag","embeddable":true,"href":"https:\/\/www.revue-recherches.fr\/index.php?rest_route=%2Fwp%2Fv2%2Ftags&post=3220"}],"curies":[{"name":"wp","href":"https:\/\/api.w.org\/{rel}","templated":true}]}}