{"id":3205,"date":"2014-06-14T13:15:24","date_gmt":"2014-06-14T11:15:24","guid":{"rendered":"http:\/\/www.revue-recherches.fr\/?p=3205"},"modified":"2023-01-24T16:26:25","modified_gmt":"2023-01-24T15:26:25","slug":"n-30-parler-des-textes","status":"publish","type":"post","link":"https:\/\/www.revue-recherches.fr\/?p=3205","title":{"rendered":"N\u00b0 30 &#8211; PARLER DES TEXTES"},"content":{"rendered":"<p style=\"text-align: justify;\"><img loading=\"lazy\" class=\"alignright size-medium wp-image-529\" src=\"http:\/\/www.revue-recherches.fr\/wp-content\/uploads\/2014\/06\/R30-300x459.jpg\" alt=\"\" width=\"300\" height=\"459\" srcset=\"https:\/\/www.revue-recherches.fr\/wp-content\/uploads\/2014\/06\/R30-300x459.jpg 300w, https:\/\/www.revue-recherches.fr\/wp-content\/uploads\/2014\/06\/R30-150x231.jpg 150w, https:\/\/www.revue-recherches.fr\/wp-content\/uploads\/2014\/06\/R30.jpg 902w\" sizes=\"(max-width: 300px) 100vw, 300px\" \/>Parler des textes qui nous parlent (du monde et d\u2019autre chose) en fuyant le commentaire techniciste. De l\u2019apprentissage de la compr\u00e9hension au CP \u00e0 la critique litt\u00e9raire au lyc\u00e9e. Et entre deux, de nombreux exemples au coll\u00e8ge et au LP, ainsi qu\u2019en classe d\u2019adaptation, de situations de parole autour des textes qu\u2019on lit mais qu\u2019on ne cherche pas \u00e0 \u00ab\u00a0commenter\u00a0\u00bb. Une mise au point th\u00e9orique sur la notion de lecture litt\u00e9raire.<\/p>\n<p style=\"text-align: justify;\">Le num\u00e9ro est en vente <a href=\"https:\/\/www.revue-recherches.fr\/?page_id=788\" target=\"_blank\" rel=\"noopener\">sur notre site<\/a>. Les articles sont t\u00e9l\u00e9chargeables sur cette page.<\/p>\n<h3>Sommaire<\/h3>\n<p>D\u00e9couvrir la litt\u00e9rature de jeunesse \/ I. Lempens\u00a0 9<\/p>\n<hr \/>\n<p><a href=\"https:\/\/www.revue-recherches.fr\/wp-content\/uploads\/2016\/01\/R30_29-59_Daunay.pdf\" target=\"_blank\" rel=\"noopener\">La \u00ab lecture litt\u00e9raire \u00bb : les risques d\u2019une mystification<\/a> \/ B. Daunay\u00a0 29<\/p>\n<hr \/>\n<p>\u00ab\u00a0C\u2019est quoi c\u2019t mec\u00a0? Y a fum\u00e9 la moquette\u00a0?\u00a0\u00bb Paroles d\u2019\u00e9l\u00e8ves sur un texte \/ K. Serlet\u00a0 61<\/p>\n<hr \/>\n<p><a href=\"https:\/\/www.revue-recherches.fr\/wp-content\/uploads\/2016\/01\/R30_75-89_Calonne.pdf\" target=\"_blank\" rel=\"noopener\">Le proc\u00e8s de <\/a><i><a href=\"http:\/\/www.revue-recherches.fr\/wp-content\/uploads\/2016\/01\/R30_75-89_Calonne.pdf\" target=\"_blank\" rel=\"noopener\">Na\u00efs<\/a> \/ <\/i>M. Calonne\u00a0 75<\/p>\n<hr \/>\n<p><a href=\"https:\/\/www.revue-recherches.fr\/wp-content\/uploads\/2016\/01\/R30_91-119_Pagoni.pdf\" target=\"_blank\" rel=\"noopener\">Enjeux des activit\u00e9s m\u00e9tacognitives dans les premiers apprentissages de lecture et de compr\u00e9hension de textes<\/a> \/ M. Pagoni\u00a0 91<\/p>\n<hr \/>\n<p>Je cible un livre, je l\u2019inspecte, je le lis, et hop\u00a0: je le fiche. Je suis acteur au CDI \/ L. Godbille\u00a0 121<\/p>\n<hr \/>\n<p>Lire et parler des textes\u00a0: parole prescrite\/parole r\u00e9elle \u2013 textes muets\/textes bavards \/ S. Suffys\u00a0 133<\/p>\n<hr \/>\n<p><a href=\"https:\/\/www.revue-recherches.fr\/wp-content\/uploads\/2014\/06\/R30_165-192_Cauterman_versionsite.pdf\" target=\"_blank\" rel=\"noopener\">Des mondes \u00e0 construire, des textes \u00e0 explorer<\/a> \/ M.-M. Cauterman\u00a0 165<\/p>\n<hr \/>\n<p>Produire des critiques litt\u00e9raires \/ N. Denizot, C. Mercier\u00a0 193<\/p>\n<hr \/>\n<p>Quand le d\u00e9gout devient moteur : la r\u00e9\u00e9criture comme lecture \/ L. Godbille\u00a0 211<\/p>\n<hr \/>\n<p><a href=\"https:\/\/www.revue-recherches.fr\/wp-content\/uploads\/2016\/01\/R30_229-251_Constant.pdf\" target=\"_blank\" rel=\"noopener\">Des miettes de sens aux paroles sur les textes : une utopie ?<\/a> \/ M. Constant\u00a0 229<\/p>\n<hr \/>\n<p><a href=\"https:\/\/www.revue-recherches.fr\/wp-content\/uploads\/2016\/01\/R30_253-259_Vlieghe.pdf\" target=\"_blank\" rel=\"noopener\">Des nouvelles du livre pour la jeunesse : le sida<\/a> \/ \u00c9. Vlieghe\u00a0 253<\/p>\n<h3>\u00c9ditorial<\/h3>\n<blockquote>\n<p style=\"text-align: justify;\">Nagu\u00e8re, par les textes, l\u2019\u00e9l\u00e8ve \u00e9tait conduit sur le chemin du panth\u00e9on, somm\u00e9 de se hisser jusqu\u2019au beau. Quasi l\u2019ineffable. D\u2019ailleurs, beaucoup en cours de route en perdaient la voix. Par chance, l\u2019\u00e9cole ne les engageait pas tous sur cette route difficile : il y avait bifurcations et impasses dont seuls se tiraient ses sujets les plus m\u00e9ritants, ou plut\u00f4t, les plus dignes.<br \/>\nAujourd\u2019hui, l\u2019\u00e9l\u00e8ve re\u00e7oit l\u2019injonction de traquer dans les textes, pour les nommer, champs lexicaux, avatars du sch\u00e9ma actanciel et figures de style prot\u00e9iformes. Ces mots d\u2019allure savante qui r\u00e9sonnent dans le maquis des techniques d\u2019\u00e9criture masquent difficilement son silence. Une telle approche pourrait pourtant laisser croire que l\u2019enjeu est de rendre enseignables les Belles Lettres en en faisant des objets de savoir, et donc de discours, identifi\u00e9s et identifiables <a href=\"https:\/\/www.revue-recherches.fr\/wp-content\/uploads\/2016\/01\/R30_7-8_Edito.pdf\" target=\"_blank\" rel=\"noopener\">[&#8230;]<\/a><\/p>\n<\/blockquote>\n","protected":false},"excerpt":{"rendered":"<p>Parler des textes qui nous parlent (du monde et d\u2019autre chose) en fuyant le commentaire techniciste. De l\u2019apprentissage de la compr\u00e9hension au CP \u00e0 la critique litt\u00e9raire au lyc\u00e9e. Et entre deux, de nombreux exemples au coll\u00e8ge et au LP, ainsi qu\u2019en classe d\u2019adaptation, de situations de parole autour des textes qu\u2019on lit mais qu\u2019on &hellip; <a href=\"https:\/\/www.revue-recherches.fr\/?p=3205\" class=\"more-link\">Continuer la lecture de <span class=\"screen-reader-text\">N\u00b0 30 &#8211; PARLER DES TEXTES<\/span> <span class=\"meta-nav\">&rarr;<\/span><\/a><\/p>\n","protected":false},"author":3,"featured_media":0,"comment_status":"closed","ping_status":"open","sticky":false,"template":"","format":"standard","meta":[],"categories":[1093,1081],"tags":[],"_links":{"self":[{"href":"https:\/\/www.revue-recherches.fr\/index.php?rest_route=\/wp\/v2\/posts\/3205"}],"collection":[{"href":"https:\/\/www.revue-recherches.fr\/index.php?rest_route=\/wp\/v2\/posts"}],"about":[{"href":"https:\/\/www.revue-recherches.fr\/index.php?rest_route=\/wp\/v2\/types\/post"}],"author":[{"embeddable":true,"href":"https:\/\/www.revue-recherches.fr\/index.php?rest_route=\/wp\/v2\/users\/3"}],"replies":[{"embeddable":true,"href":"https:\/\/www.revue-recherches.fr\/index.php?rest_route=%2Fwp%2Fv2%2Fcomments&post=3205"}],"version-history":[{"count":4,"href":"https:\/\/www.revue-recherches.fr\/index.php?rest_route=\/wp\/v2\/posts\/3205\/revisions"}],"predecessor-version":[{"id":8521,"href":"https:\/\/www.revue-recherches.fr\/index.php?rest_route=\/wp\/v2\/posts\/3205\/revisions\/8521"}],"wp:attachment":[{"href":"https:\/\/www.revue-recherches.fr\/index.php?rest_route=%2Fwp%2Fv2%2Fmedia&parent=3205"}],"wp:term":[{"taxonomy":"category","embeddable":true,"href":"https:\/\/www.revue-recherches.fr\/index.php?rest_route=%2Fwp%2Fv2%2Fcategories&post=3205"},{"taxonomy":"post_tag","embeddable":true,"href":"https:\/\/www.revue-recherches.fr\/index.php?rest_route=%2Fwp%2Fv2%2Ftags&post=3205"}],"curies":[{"name":"wp","href":"https:\/\/api.w.org\/{rel}","templated":true}]}}