{"id":3197,"date":"2014-06-14T12:03:32","date_gmt":"2014-06-14T10:03:32","guid":{"rendered":"http:\/\/www.revue-recherches.fr\/?p=3197"},"modified":"2023-01-24T11:40:27","modified_gmt":"2023-01-24T10:40:27","slug":"n-26-langue","status":"publish","type":"post","link":"https:\/\/www.revue-recherches.fr\/?p=3197","title":{"rendered":"N\u00b0 26 &#8211; LANGUE"},"content":{"rendered":"<p style=\"text-align: justify;\"><img loading=\"lazy\" class=\"alignright wp-image-7488 size-medium\" src=\"http:\/\/www.revue-recherches.fr\/wp-content\/uploads\/2014\/06\/R26-1-300x457.jpg\" alt=\"\" width=\"300\" height=\"457\" srcset=\"https:\/\/www.revue-recherches.fr\/wp-content\/uploads\/2014\/06\/R26-1-300x457.jpg 300w, https:\/\/www.revue-recherches.fr\/wp-content\/uploads\/2014\/06\/R26-1.jpg 902w\" sizes=\"(max-width: 300px) 100vw, 300px\" \/><\/p>\n<p style=\"text-align: justify;\">Comment \u00ab faire de la grammaire\u00a0 \u00bb si l\u2019on prend en compte le rapport (social) des \u00e9l\u00e8ves (et des professeurs) \u00e0 la langue ? Peut-on enseigner en ignorant la diversit\u00e9 des usages linguistiques ? Propositions didactiques \u00e9cole\/coll\u00e8ge. R\u00e9flexions sur les nouveaux programmes de 6<sup>e<\/sup>.<\/p>\n<p style=\"text-align: justify;\">Le num\u00e9ro est en vente <a href=\"https:\/\/www.revue-recherches.fr\/?page_id=788\" target=\"_blank\" rel=\"noopener noreferrer\">sur notre site<\/a>. Les articles sont t\u00e9l\u00e9chargeables sur cette page.<\/p>\n<h3>Sommaire<\/h3>\n<p><a href=\"https:\/\/www.revue-recherches.fr\/wp-content\/uploads\/2015\/06\/9_Tableronde_R26.pdf\" target=\"_blank\" rel=\"noopener noreferrer\">Table ronde \u00e0 <em>Recherches<\/em><\/a> 9<\/p>\n<hr \/>\n<p><a href=\"https:\/\/www.revue-recherches.fr\/wp-content\/uploads\/2015\/06\/17_Vargas_R26.pdf\" target=\"_blank\" rel=\"noopener noreferrer\">La langue : de quoi en perdre son fran\u00e7ais <\/a>\/ C. Vargas 17<\/p>\n<hr \/>\n<p><a href=\"https:\/\/www.revue-recherches.fr\/wp-content\/uploads\/2015\/06\/33_Lempens_R26.pdf\" target=\"_blank\" rel=\"noopener noreferrer\">Et si maitriser la langue, c&rsquo;\u00e9tait d&rsquo;abord l&rsquo;apprivoiser ?<\/a>\/ I. Lempens 33<\/p>\n<hr \/>\n<p><a href=\"https:\/\/www.revue-recherches.fr\/wp-content\/uploads\/2015\/06\/55_Evrard-R26.pdf\" target=\"_blank\" rel=\"noopener noreferrer\">Histoire de mots<\/a> \/ C. \u00c9vrard 55<\/p>\n<hr \/>\n<p><a href=\"https:\/\/www.revue-recherches.fr\/wp-content\/uploads\/2015\/06\/75_Leeman_R26.pdf\" target=\"_blank\" rel=\"noopener noreferrer\">Travailler sur les pr\u00e9positions au coll\u00e8ge\u00a0: l&rsquo;exemple de PENDANT<\/a> \/ D. Leeman 75<\/p>\n<hr \/>\n<p><a href=\"https:\/\/www.revue-recherches.fr\/wp-content\/uploads\/2016\/08\/93_FabeSuffys_R26._version-site.pdf\" target=\"_blank\" rel=\"noopener noreferrer\">Entre coupeur de mots et tailleur de sens, sur le fil du rasoir, l&rsquo;enseignant de grammaire<\/a> \/ D. Fab\u00e9, S. Suffys 93<\/p>\n<hr \/>\n<p>Production d&rsquo;\u00e9crits et r\u00e9flexion sur la langue. Quelques d\u00e9marches sur les temps verbaux \/ M.-M. Cauterman, B. Daunay 111<\/p>\n<hr \/>\n<p><a href=\"https:\/\/www.revue-recherches.fr\/wp-content\/uploads\/2019\/06\/R26-intro-Dolz-et-al..pdf\" target=\"_blank\" rel=\"noopener noreferrer\">Pr\u00e9sentation de la 2<sup>e<\/sup> conf\u00e9rence internationale pour la recherches socioculturelle<\/a> \/ 131<\/p>\n<hr \/>\n<p><a href=\"https:\/\/www.revue-recherches.fr\/wp-content\/uploads\/2015\/06\/131_Dolz_R26.pdf\" target=\"_blank\" rel=\"noopener noreferrer\">L&#8217;emploi des temps du verbe dans l&rsquo;apprentissage de l&rsquo;\u00e9criture de r\u00e9cits historiques<\/a> \/ J. Dolz 133<\/p>\n<hr \/>\n<p><a href=\"https:\/\/www.revue-recherches.fr\/wp-content\/uploads\/2015\/06\/155_DavidJaffre_R26.pdf\" target=\"_blank\" rel=\"noopener noreferrer\">Le r\u00f4le de l&rsquo;autre dans les proc\u00e9dures m\u00e9tagraphiques<\/a> \/ J. David, J.-P. Jaffr\u00e9 155<\/p>\n<hr \/>\n<p><a href=\"https:\/\/www.revue-recherches.fr\/wp-content\/uploads\/2015\/06\/169_Heems_R26.pdf\" target=\"_blank\" rel=\"noopener noreferrer\">Quand \u00ab bouteille \u00bb s&rsquo;\u00e9crit avec un \u00ab f \u00bb. Quelques r\u00e9flexions \u00e0 propos des r\u00e9f\u00e9rents de lecture au CP<\/a> \/ P. Heems 169<\/p>\n<hr \/>\n<p><a href=\"https:\/\/www.revue-recherches.fr\/wp-content\/uploads\/2015\/06\/177_Calame_R26.pdf\" target=\"_blank\" rel=\"noopener noreferrer\">Touche pas \u00e0 mon texte! Quels \u00e9crits de r\u00e9f\u00e9rence en grammaire ?<\/a> \/ F. Calame 177<\/p>\n<hr \/>\n<p><a href=\"https:\/\/www.revue-recherches.fr\/wp-content\/uploads\/2015\/06\/201_HeemsDesprezLempens_R26.pdf\" target=\"_blank\" rel=\"noopener noreferrer\">Difficult\u00e9 de maitrise du langage ou dyslexie<\/a> \/ P. Heems, M.-F. Desprez, I. Lempens 201<\/p>\n<hr \/>\n<p><a href=\"https:\/\/www.revue-recherches.fr\/wp-content\/uploads\/2015\/06\/209_DarrasCauterman_R26.pdf\" target=\"_blank\" rel=\"noopener noreferrer\">Mais qu&rsquo;est-ce qu&rsquo;une phrase ?<\/a> \/ F. Darras, M.-M. Cauterman 209<\/p>\n<hr \/>\n<p><a href=\"https:\/\/www.revue-recherches.fr\/wp-content\/uploads\/2015\/06\/221_Delcambre_R26.pdf\" target=\"_blank\" rel=\"noopener noreferrer\">L&rsquo;amour des trois grammaires<\/a> \/ I. Delcambre 221<\/p>\n<hr \/>\n<p><a href=\"https:\/\/www.revue-recherches.fr\/wp-content\/uploads\/2015\/06\/239_Vlieghe_R26.pdf\" target=\"_blank\" rel=\"noopener noreferrer\">Des nouvelles du livre pour la jeunesse : d\u00e9couverte d&rsquo;un auteur, Gudule<\/a> \/ \u00c9. Vlieghe 239<\/p>\n<h3>\u00c9ditorial<\/h3>\n<blockquote>\n<p style=\"text-align: justify;\">Le titre ne pouvait \u00eatre GRAMMAIRE.<br \/>\nPourtant le num\u00e9ro 15 de RECHERCHES s\u2019intitulait GRAMMAIRE-ORTHOGRAPHE. C\u2019\u00e9tait il y a 6 ans. Le projet \u00e9tait alors d\u2019explorer l\u2019objet d\u2019enseignement traditionnellement constitu\u00e9 derri\u00e8re cet intitul\u00e9. Or, quels que soient ses avatars, le terme GRAMMAIRE continue \u00e0 trop \u00e9voquer r\u00e8gles, analyses, prescriptions et interdits.<br \/>\nChoisir pour titre de ce num\u00e9ro 26, LANGUE, pr\u00e9sente le risque de laisser croire en l\u2019existence d\u2019un objet linguistique, unique et unifi\u00e9, clairement identifiable par ses normes ou du moins, ses r\u00e9gularit\u00e9s. Mais la probl\u00e9matique pos\u00e9e dans les pages qui suivent ne se veut en aucun cas description d\u2019un syst\u00e8me linguistique ou de ph\u00e9nom\u00e8nes linguistiques qui se d\u00e9finiraient ind\u00e9pendamment ou \u00e0 c\u00f4t\u00e9 des locuteurs, et qui seraient objets \u00e0 enseigner. Tout au long de cette livraison, est plut\u00f4t formul\u00e9e l\u2019hypoth\u00e8se de l\u2019\u00e9mergence de ce que l\u2019on pourrait appeler la conscience linguistique du sujet parlant (ou \u00e9crivant, ou lisant)\u00a0<a href=\"https:\/\/www.revue-recherches.fr\/wp-content\/uploads\/2015\/06\/5_Edito_R26.pdf\" target=\"_blank\" rel=\"noopener noreferrer\">[\u2026]<\/a><\/p>\n<\/blockquote>\n","protected":false},"excerpt":{"rendered":"<p>Comment \u00ab faire de la grammaire\u00a0 \u00bb si l\u2019on prend en compte le rapport (social) des \u00e9l\u00e8ves (et des professeurs) \u00e0 la langue ? Peut-on enseigner en ignorant la diversit\u00e9 des usages linguistiques ? Propositions didactiques \u00e9cole\/coll\u00e8ge. R\u00e9flexions sur les nouveaux programmes de 6e. Le num\u00e9ro est en vente sur notre site. Les articles sont &hellip; <a href=\"https:\/\/www.revue-recherches.fr\/?p=3197\" class=\"more-link\">Continuer la lecture de <span class=\"screen-reader-text\">N\u00b0 26 &#8211; LANGUE<\/span> <span class=\"meta-nav\">&rarr;<\/span><\/a><\/p>\n","protected":false},"author":3,"featured_media":0,"comment_status":"closed","ping_status":"open","sticky":false,"template":"","format":"standard","meta":[],"categories":[1093,1081],"tags":[],"_links":{"self":[{"href":"https:\/\/www.revue-recherches.fr\/index.php?rest_route=\/wp\/v2\/posts\/3197"}],"collection":[{"href":"https:\/\/www.revue-recherches.fr\/index.php?rest_route=\/wp\/v2\/posts"}],"about":[{"href":"https:\/\/www.revue-recherches.fr\/index.php?rest_route=\/wp\/v2\/types\/post"}],"author":[{"embeddable":true,"href":"https:\/\/www.revue-recherches.fr\/index.php?rest_route=\/wp\/v2\/users\/3"}],"replies":[{"embeddable":true,"href":"https:\/\/www.revue-recherches.fr\/index.php?rest_route=%2Fwp%2Fv2%2Fcomments&post=3197"}],"version-history":[{"count":7,"href":"https:\/\/www.revue-recherches.fr\/index.php?rest_route=\/wp\/v2\/posts\/3197\/revisions"}],"predecessor-version":[{"id":8516,"href":"https:\/\/www.revue-recherches.fr\/index.php?rest_route=\/wp\/v2\/posts\/3197\/revisions\/8516"}],"wp:attachment":[{"href":"https:\/\/www.revue-recherches.fr\/index.php?rest_route=%2Fwp%2Fv2%2Fmedia&parent=3197"}],"wp:term":[{"taxonomy":"category","embeddable":true,"href":"https:\/\/www.revue-recherches.fr\/index.php?rest_route=%2Fwp%2Fv2%2Fcategories&post=3197"},{"taxonomy":"post_tag","embeddable":true,"href":"https:\/\/www.revue-recherches.fr\/index.php?rest_route=%2Fwp%2Fv2%2Ftags&post=3197"}],"curies":[{"name":"wp","href":"https:\/\/api.w.org\/{rel}","templated":true}]}}