{"id":3190,"date":"2014-06-14T11:50:29","date_gmt":"2014-06-14T09:50:29","guid":{"rendered":"http:\/\/www.revue-recherches.fr\/?p=3190"},"modified":"2023-01-24T11:36:09","modified_gmt":"2023-01-24T10:36:09","slug":"n-25-lecture","status":"publish","type":"post","link":"https:\/\/www.revue-recherches.fr\/?p=3190","title":{"rendered":"N\u00b0 25 &#8211; LECTURE"},"content":{"rendered":"<p style=\"text-align: justify;\"><img loading=\"lazy\" class=\"alignright wp-image-7486 size-medium\" src=\"http:\/\/www.revue-recherches.fr\/wp-content\/uploads\/2014\/06\/R25-1-300x457.jpg\" alt=\"\" width=\"300\" height=\"457\" srcset=\"https:\/\/www.revue-recherches.fr\/wp-content\/uploads\/2014\/06\/R25-1-300x457.jpg 300w, https:\/\/www.revue-recherches.fr\/wp-content\/uploads\/2014\/06\/R25-1.jpg 913w\" sizes=\"(max-width: 300px) 100vw, 300px\" \/>Les apprentissages premiers : origines des \u00e9checs en lecture ? Que faire lire aux \u00e9l\u00e8ves en difficult\u00e9 ? Au coll\u00e8ge : quelles aides pour d\u00e9velopper la compr\u00e9hension (SEGPA) ? Lire de la litt\u00e9rature de jeunesse ? Lire en 3<sup>e<\/sup> d\u2019insertion ? Au lyc\u00e9e, lecture int\u00e9grale en terminale L et en bac pro. La lecture \u00e0 l\u2019\u00e9cole maternelle : une histoire de partenariat \u00e9cole\/familles.<\/p>\n<p>&nbsp;<\/p>\n<p style=\"text-align: justify;\">Les articles sont t\u00e9l\u00e9chargeables sur cette page.<\/p>\n<h3>Sommaire<\/h3>\n<p><a href=\"https:\/\/www.revue-recherches.fr\/wp-content\/uploads\/2018\/01\/7_Desfossez_R25_version-site.pdf\" target=\"_blank\" rel=\"noopener\">Comment aider nos \u00e9l\u00e8ves \u00e0 comprendre ce qu\u2019ils lisent ?<\/a> \/ N. Desfossez 7<\/p>\n<hr \/>\n<p><a href=\"https:\/\/www.revue-recherches.fr\/wp-content\/uploads\/2015\/06\/37_Fabe_R25.pdf\" target=\"_blank\" rel=\"noopener\">La litt\u00e9rature de jeunesse \u00e0 l\u2019\u00e9cole et au coll\u00e8ge : quels enjeux ?<\/a> \/ D. Fab\u00e9 37<\/p>\n<hr \/>\n<p><a href=\"https:\/\/www.revue-recherches.fr\/wp-content\/uploads\/2015\/06\/49_Lempens_R25.pdf\" target=\"_blank\" rel=\"noopener\">Ils ne savent pas lire, pourquoi ?<\/a> \/ I. Lempens 49<\/p>\n<hr \/>\n<p><a href=\"https:\/\/www.revue-recherches.fr\/wp-content\/uploads\/2015\/06\/63_Lusetti_R25.pdf\" target=\"_blank\" rel=\"noopener\">Lecture, questionnaire, questionnement<\/a> \/ M. Lusetti 63<\/p>\n<hr \/>\n<p>Lire : des risques partag\u00e9s \/ F. Darras 89<\/p>\n<hr \/>\n<p><a href=\"https:\/\/www.revue-recherches.fr\/wp-content\/uploads\/2015\/06\/99_Vlieghe_R25.pdf\" target=\"_blank\" rel=\"noopener\">Litt\u00e9rature de jeunesse et lecture en r\u00e9seaux, quoi de neuf ?<\/a> \/ \u00c9. Vlieghe 99<\/p>\n<hr \/>\n<p><a href=\"https:\/\/www.revue-recherches.fr\/wp-content\/uploads\/2015\/06\/123_MarguetSauvage_R25.pdf\" target=\"_blank\" rel=\"noopener\">Une s\u00e9quence d\u2019apprentissage de la lecture m\u00e9thodique<\/a> \/ S. Marguet, C. Sauvage 123<\/p>\n<hr \/>\n<p><a href=\"https:\/\/www.revue-recherches.fr\/wp-content\/uploads\/2015\/06\/151_Mercier_R25.pdf\" target=\"_blank\" rel=\"noopener\">R\u00e9flexion sur l\u2019\u00e9tude d\u2019une \u0153uvre compl\u00e8te en TL<\/a> \/ C. Mercier 151<\/p>\n<hr \/>\n<p><a href=\"https:\/\/www.revue-recherches.fr\/wp-content\/uploads\/2018\/01\/167_Heems_R25_version-site.pdf\" target=\"_blank\" rel=\"noopener\">L\u2019histoire du cure-dents et de la poule ou comment des \u00e9l\u00e8ves de classe d\u2019adaptation ont d\u00e9couvert un \u00ab vrai \u00bb livre<\/a>\u00a0 \/ P. Heems 167<\/p>\n<hr \/>\n<p><a href=\"https:\/\/www.revue-recherches.fr\/wp-content\/uploads\/2016\/08\/179_Desprez_R25_version-site.pdf\" target=\"_blank\" rel=\"noopener\">Que donner \u00e0 lire \u00e0 des \u00e9l\u00e8ves qui ne savent toujours pas lire ?<\/a> \/ M.-F. Desprez 179<\/p>\n<hr \/>\n<p><a href=\"https:\/\/www.revue-recherches.fr\/wp-content\/uploads\/2016\/08\/193_Calonne_R25.pdf\" target=\"_blank\" rel=\"noopener\">Quelques s\u00e9ances pour apprivoiser la lecture<\/a> \/ M. Calonne 193<\/p>\n<hr \/>\n<p><a href=\"https:\/\/www.revue-recherches.fr\/wp-content\/uploads\/2015\/06\/201_PeltierDeregnaucourt_R25.pdf\" target=\"_blank\" rel=\"noopener\">Un partenariat en lecture : un travail de r\u00e9flexion p\u00e9dagogique, didactique et sociologique reconduit<\/a> \/ V. Peltier, N. Deregnaucourt 201<\/p>\n<hr \/>\n<p><a href=\"https:\/\/www.revue-recherches.fr\/wp-content\/uploads\/2018\/01\/215_Daunay_R25_version-site.pdf\" target=\"_blank\" rel=\"noopener\">Les questions de compr\u00e9hension : un outil ou un obstacle pour l\u2019apprentissage de la compr\u00e9hension ?<\/a> \/ B. Daunay 215<\/p>\n<hr \/>\n<p><a href=\"https:\/\/www.revue-recherches.fr\/wp-content\/uploads\/2018\/01\/223_Suffys_R25_version-site.pdf\" target=\"_blank\" rel=\"noopener\">\u00c0 propos des non-lecteurs : quelques propos de non-lecteurs et d\u2019une lectrice hors de propos<\/a> \/ S. Suffys 223<\/p>\n<hr \/>\n<p><a href=\"https:\/\/www.revue-recherches.fr\/wp-content\/uploads\/2015\/06\/237_Bertoncini_R25.pdf\" target=\"_blank\" rel=\"noopener\">L\u2019horloge de Cartagena, ou la vraie mesure des tests \u00e0 l\u2019entr\u00e9e en 6<sup>e<\/sup><\/a> \/ M. Bertoncini 237<\/p>\n<hr \/>\n<p><a href=\"https:\/\/www.revue-recherches.fr\/wp-content\/uploads\/2015\/06\/241_Vlieghe_R25.pdf\" target=\"_blank\" rel=\"noopener\">Des nouvelles du livre pour la jeunesse : des recueils de nouvelles<\/a> \/ \u00c9. Vlieghe 241<\/p>\n<h3>\u00c9ditorial<\/h3>\n<blockquote>\n<p style=\"text-align: justify;\">Le lecteur qui chercherait une quelconque coh\u00e9rence dans ce num\u00e9ro risquerait d\u2019\u00eatre en tr\u00e8s grande difficult\u00e9. Cet \u00e9tat de fait tient certes aux choix de la R\u00e9daction qui essaie de faire de chaque nouvelle livraison de la revue un objet de travail s\u2019int\u00e9ressant \u00e0 tous les lieux o\u00f9 se joue l\u2019apprentissage du fran\u00e7ais\u00a0: l\u2019\u00e9cole primaire, le coll\u00e8ge, le lyc\u00e9e, les classes sp\u00e9cialis\u00e9es\u2026 Cette h\u00e9t\u00e9rog\u00e9n\u00e9it\u00e9 serait d\u2019ailleurs une des sp\u00e9cificit\u00e9s constitutives de RECHERCHES. Mais ici, au fil des articles \u2013 plus juxtapos\u00e9s que compos\u00e9s en r\u00e9sonance \u2013 le lecteur est comme ballot\u00e9 d\u2019une probl\u00e9matique \u00e0 l\u2019autre et disons que derri\u00e8re cette cacophonie il doit surement \u00eatre question de lecture, de pratiques de lecture en classe.<br \/>\nCette cacophonie se justifie d\u2019abord par la grande rupture p\u00e9dagogique qui s\u2019op\u00e8re aux alentours de la fin du CE1\u00a0: jusque l\u00e0, quand il y a \u00ab lecture \u00bb \u00e0 l\u2019emploi du temps, l\u2019\u00e9l\u00e8ve a \u00e0 lire, ou plus exactement \u00e0 apprendre \u00e0 lire c\u2019est-\u00e0-dire \u00e0 <a href=\"https:\/\/www.revue-recherches.fr\/wp-content\/uploads\/2015\/06\/5_Edito_R25.pdf\" target=\"_blank\" rel=\"noopener\">[\u2026]<\/a><\/p>\n<\/blockquote>\n","protected":false},"excerpt":{"rendered":"<p>Les apprentissages premiers : origines des \u00e9checs en lecture ? Que faire lire aux \u00e9l\u00e8ves en difficult\u00e9 ? Au coll\u00e8ge : quelles aides pour d\u00e9velopper la compr\u00e9hension (SEGPA) ? Lire de la litt\u00e9rature de jeunesse ? Lire en 3e d\u2019insertion ? Au lyc\u00e9e, lecture int\u00e9grale en terminale L et en bac pro. La lecture \u00e0 &hellip; <a href=\"https:\/\/www.revue-recherches.fr\/?p=3190\" class=\"more-link\">Continuer la lecture de <span class=\"screen-reader-text\">N\u00b0 25 &#8211; LECTURE<\/span> <span class=\"meta-nav\">&rarr;<\/span><\/a><\/p>\n","protected":false},"author":3,"featured_media":0,"comment_status":"closed","ping_status":"open","sticky":false,"template":"","format":"standard","meta":[],"categories":[1093,1081],"tags":[],"_links":{"self":[{"href":"https:\/\/www.revue-recherches.fr\/index.php?rest_route=\/wp\/v2\/posts\/3190"}],"collection":[{"href":"https:\/\/www.revue-recherches.fr\/index.php?rest_route=\/wp\/v2\/posts"}],"about":[{"href":"https:\/\/www.revue-recherches.fr\/index.php?rest_route=\/wp\/v2\/types\/post"}],"author":[{"embeddable":true,"href":"https:\/\/www.revue-recherches.fr\/index.php?rest_route=\/wp\/v2\/users\/3"}],"replies":[{"embeddable":true,"href":"https:\/\/www.revue-recherches.fr\/index.php?rest_route=%2Fwp%2Fv2%2Fcomments&post=3190"}],"version-history":[{"count":11,"href":"https:\/\/www.revue-recherches.fr\/index.php?rest_route=\/wp\/v2\/posts\/3190\/revisions"}],"predecessor-version":[{"id":8514,"href":"https:\/\/www.revue-recherches.fr\/index.php?rest_route=\/wp\/v2\/posts\/3190\/revisions\/8514"}],"wp:attachment":[{"href":"https:\/\/www.revue-recherches.fr\/index.php?rest_route=%2Fwp%2Fv2%2Fmedia&parent=3190"}],"wp:term":[{"taxonomy":"category","embeddable":true,"href":"https:\/\/www.revue-recherches.fr\/index.php?rest_route=%2Fwp%2Fv2%2Fcategories&post=3190"},{"taxonomy":"post_tag","embeddable":true,"href":"https:\/\/www.revue-recherches.fr\/index.php?rest_route=%2Fwp%2Fv2%2Ftags&post=3190"}],"curies":[{"name":"wp","href":"https:\/\/api.w.org\/{rel}","templated":true}]}}