{"id":3177,"date":"2014-06-14T11:41:32","date_gmt":"2014-06-14T09:41:32","guid":{"rendered":"http:\/\/www.revue-recherches.fr\/?p=3177"},"modified":"2023-01-24T11:11:17","modified_gmt":"2023-01-24T10:11:17","slug":"n-22-parler","status":"publish","type":"post","link":"https:\/\/www.revue-recherches.fr\/?p=3177","title":{"rendered":"N\u00b0 22 &#8211; PARLER"},"content":{"rendered":"<p style=\"text-align: justify;\"><img loading=\"lazy\" class=\"alignright wp-image-7480 size-medium\" src=\"http:\/\/www.revue-recherches.fr\/wp-content\/uploads\/2014\/06\/R22-1-300x441.jpg\" alt=\"\" width=\"300\" height=\"441\" srcset=\"https:\/\/www.revue-recherches.fr\/wp-content\/uploads\/2014\/06\/R22-1-300x441.jpg 300w, https:\/\/www.revue-recherches.fr\/wp-content\/uploads\/2014\/06\/R22-1.jpg 942w\" sizes=\"(max-width: 300px) 100vw, 300px\" \/><\/p>\n<p style=\"text-align: justify;\">Quelles valeurs accorder \u00e0 l\u2019oral \u00e0 l\u2019\u00e9cole\u00a0? Que se passe-t-il dans un travail de groupe (lyc\u00e9e)\u00a0? Que faire de la \u00ab\u00a0parole\u00a0\u00bb des \u00e9l\u00e8ves (coll\u00e8ge, \u00e9cole \u00e9l\u00e9mentaire)\u00a0? Peut-on pr\u00e9parer \u00e0 l\u2019\u00e9preuve d\u2019oral du bac ? Que disent les \u00e9l\u00e8ves du savoir parler (\u00e9cole \u00e9l\u00e9mentaire, coll\u00e8ge)\u00a0? Points de vue de professeurs sur l\u2019oral du bac. Peut-on envisager une didactique de l\u2019oral\u00a0?<\/p>\n<p>&nbsp;<\/p>\n<p style=\"text-align: left;\">Le num\u00e9ro est en vente <a href=\"https:\/\/www.revue-recherches.fr\/?page_id=788\" target=\"_blank\" rel=\"noopener noreferrer\">sur notre site<\/a>. Les articles sont t\u00e9l\u00e9chargeables sur cette page.<\/p>\n<h3>Sommaire<\/h3>\n<p><a href=\"https:\/\/www.revue-recherches.fr\/wp-content\/uploads\/2015\/05\/7_CauDarDenSufVan_R22.pdf\" target=\"_blank\" rel=\"noopener noreferrer\">Fragments d\u2019oral<\/a> \/ M.-M. Cauterman, F. Darras, P. Denauw, S. Suffys, M.-P. Vanseveren 7<\/p>\n<hr \/>\n<p><a href=\"https:\/\/www.revue-recherches.fr\/wp-content\/uploads\/2015\/05\/25_Heems_R22.pdf\" target=\"_blank\" rel=\"noopener noreferrer\">Paroles d\u2019\u00e9l\u00e8ves<\/a> \/ P. Heems 25<\/p>\n<hr \/>\n<p><a href=\"https:\/\/www.revue-recherches.fr\/wp-content\/uploads\/2015\/05\/37_Desprez_R22.pdf\" target=\"_blank\" rel=\"noopener noreferrer\">Des \u00e9l\u00e8ves parlent de l\u2019oral<\/a> \/ M.-F. Desprez 37<\/p>\n<hr \/>\n<p><a href=\"https:\/\/www.revue-recherches.fr\/wp-content\/uploads\/2015\/05\/43_DaunayDenizot_R22.pdf\" target=\"_blank\" rel=\"noopener noreferrer\">Souvenirs d\u2019oral. Quelques r\u00e9cits touchant aux oraux de l\u2019\u00e9preuve anticip\u00e9e de fran\u00e7ais du baccalaur\u00e9at, agr\u00e9ment\u00e9s de r\u00e9flexions qui se voudraient didactiques<\/a> \/ B. Daunay, N. Denizot 43<\/p>\n<hr \/>\n<p><a href=\"https:\/\/www.revue-recherches.fr\/wp-content\/uploads\/2016\/09\/59_Suffys_R22_version-site.pdf\" target=\"_blank\" rel=\"noopener noreferrer\">Le partage des mots : parler en terrain connu et d\u00e9fricher des terrains d\u2019entente<\/a> \/ S. Suffys 59<\/p>\n<hr \/>\n<p><a href=\"https:\/\/www.revue-recherches.fr\/wp-content\/uploads\/2016\/07\/85_Fabe_R22.pdf\" target=\"_blank\" rel=\"noopener noreferrer\">\u00ab Ga\u00ebl, c\u2019est quoi un antonyme ? \u00bb Quelques r\u00e9flexions autour de la parole des \u00e9l\u00e8ves en classe<\/a> \/ D. Fab\u00e9 85<\/p>\n<hr \/>\n<p><a href=\"https:\/\/www.revue-recherches.fr\/wp-content\/uploads\/2015\/05\/101_Nonnon_R22.pdf\" target=\"_blank\" rel=\"noopener noreferrer\">Prise de parole autour des textes et travail sur l\u2019oral au lyc\u00e9e<\/a> \/ \u00c9. Nonnon 101<\/p>\n<hr \/>\n<p><a href=\"https:\/\/www.revue-recherches.fr\/wp-content\/uploads\/2017\/02\/151_Boudet_R22_version-site.pdf\" target=\"_blank\" rel=\"noopener noreferrer\">Un module pour initier les \u00e9l\u00e8ves \u00e0 la prise de parole<\/a> \/ N. Boudet-Antikow 151<\/p>\n<hr \/>\n<p><a href=\"https:\/\/www.revue-recherches.fr\/wp-content\/uploads\/2015\/05\/169_DauDelMarSau_R22.pdf\" target=\"_blank\" rel=\"noopener noreferrer\">Pratiques d\u2019oral dans le travail de groupe<\/a> \/ B. Daunay, I. Delcambre, S. Marguet, C. Sauvage 169<\/p>\n<hr \/>\n<p><a href=\"https:\/\/www.revue-recherches.fr\/wp-content\/uploads\/2016\/09\/205_Martinez_R22.pdf\" target=\"_blank\" rel=\"noopener noreferrer\">Si les paroles ne s\u2019envolent plus\u2026 ou comment l\u2019audiovisuel peut contribuer \u00e0 la didactique de l\u2019oral dans le cadre d\u2019une approche communicationnelle en fran\u00e7ais<\/a> \/ M.-L. Martinez 205<\/p>\n<hr \/>\n<p><a href=\"https:\/\/www.revue-recherches.fr\/wp-content\/uploads\/2015\/05\/243_Vlieghe_R22.pdf\" target=\"_blank\" rel=\"noopener noreferrer\">Des nouvelles du livre pour la jeunesse : d\u00e9couverte d&rsquo;un auteur, Thierry Lenain<\/a> \/ \u00c9. Vlieghe 243<\/p>\n<h3 style=\"text-align: justify;\">\u00c9ditorial<\/h3>\n<blockquote>\n<p style=\"text-align: justify;\">PARLER&#8230; Titre qui peut sembler paradoxal dans une revue de didactique du fran\u00e7ais. N\u2019apprend-on pas \u00e0 parler (ou plut\u00f4t \u00e0 mieux parler) seulement dans les lieux extr\u00eames du syst\u00e8me \u00e9ducatif\u00a0? A l\u2019\u00e9cole maternelle, dans les classes sp\u00e9cialis\u00e9es ou dans quelques grandes \u00e9coles\u00a0; et ce, avec des objectifs bien entendu incomparables. Si l\u2019\u00e9cole maternelle aide le jeune enfant \u00e0 d\u00e9couvrir les enjeux et le statut de la parole sociale ainsi que de la communication dans ce lieu sp\u00e9cifique qu\u2019est la classe, les classes sp\u00e9cialis\u00e9es accueillent la parole d\u2019enfants et d\u2019adolescents en souffrance qui ne parviennent pas \u00e0 entrer vraiment dans leur m\u00e9tier d\u2019\u00e9coliers ou de coll\u00e9giens. <a href=\"https:\/\/www.revue-recherches.fr\/wp-content\/uploads\/2015\/05\/5_Edito_R22.pdf\" target=\"_blank\" rel=\"noopener noreferrer\">[\u2026]<\/a><\/p>\n<\/blockquote>\n","protected":false},"excerpt":{"rendered":"<p>Quelles valeurs accorder \u00e0 l\u2019oral \u00e0 l\u2019\u00e9cole\u00a0? Que se passe-t-il dans un travail de groupe (lyc\u00e9e)\u00a0? Que faire de la \u00ab\u00a0parole\u00a0\u00bb des \u00e9l\u00e8ves (coll\u00e8ge, \u00e9cole \u00e9l\u00e9mentaire)\u00a0? Peut-on pr\u00e9parer \u00e0 l\u2019\u00e9preuve d\u2019oral du bac ? Que disent les \u00e9l\u00e8ves du savoir parler (\u00e9cole \u00e9l\u00e9mentaire, coll\u00e8ge)\u00a0? Points de vue de professeurs sur l\u2019oral du bac. Peut-on envisager &hellip; <a href=\"https:\/\/www.revue-recherches.fr\/?p=3177\" class=\"more-link\">Continuer la lecture de <span class=\"screen-reader-text\">N\u00b0 22 &#8211; PARLER<\/span> <span class=\"meta-nav\">&rarr;<\/span><\/a><\/p>\n","protected":false},"author":3,"featured_media":0,"comment_status":"closed","ping_status":"open","sticky":false,"template":"","format":"standard","meta":[],"categories":[1093,1081],"tags":[],"_links":{"self":[{"href":"https:\/\/www.revue-recherches.fr\/index.php?rest_route=\/wp\/v2\/posts\/3177"}],"collection":[{"href":"https:\/\/www.revue-recherches.fr\/index.php?rest_route=\/wp\/v2\/posts"}],"about":[{"href":"https:\/\/www.revue-recherches.fr\/index.php?rest_route=\/wp\/v2\/types\/post"}],"author":[{"embeddable":true,"href":"https:\/\/www.revue-recherches.fr\/index.php?rest_route=\/wp\/v2\/users\/3"}],"replies":[{"embeddable":true,"href":"https:\/\/www.revue-recherches.fr\/index.php?rest_route=%2Fwp%2Fv2%2Fcomments&post=3177"}],"version-history":[{"count":9,"href":"https:\/\/www.revue-recherches.fr\/index.php?rest_route=\/wp\/v2\/posts\/3177\/revisions"}],"predecessor-version":[{"id":8511,"href":"https:\/\/www.revue-recherches.fr\/index.php?rest_route=\/wp\/v2\/posts\/3177\/revisions\/8511"}],"wp:attachment":[{"href":"https:\/\/www.revue-recherches.fr\/index.php?rest_route=%2Fwp%2Fv2%2Fmedia&parent=3177"}],"wp:term":[{"taxonomy":"category","embeddable":true,"href":"https:\/\/www.revue-recherches.fr\/index.php?rest_route=%2Fwp%2Fv2%2Fcategories&post=3177"},{"taxonomy":"post_tag","embeddable":true,"href":"https:\/\/www.revue-recherches.fr\/index.php?rest_route=%2Fwp%2Fv2%2Ftags&post=3177"}],"curies":[{"name":"wp","href":"https:\/\/api.w.org\/{rel}","templated":true}]}}