{"id":3161,"date":"2014-06-14T11:28:31","date_gmt":"2014-06-14T09:28:31","guid":{"rendered":"http:\/\/www.revue-recherches.fr\/?p=3161"},"modified":"2023-01-02T16:26:36","modified_gmt":"2023-01-02T15:26:36","slug":"n-19-comprendre","status":"publish","type":"post","link":"https:\/\/www.revue-recherches.fr\/?p=3161","title":{"rendered":"N\u00b0 19 &#8211; COMPRENDRE"},"content":{"rendered":"<p style=\"text-align: justify;\"><img loading=\"lazy\" class=\"alignright wp-image-7474 size-medium\" src=\"http:\/\/www.revue-recherches.fr\/wp-content\/uploads\/2014\/06\/R19-1-300x441.jpg\" alt=\"\" width=\"300\" height=\"441\" srcset=\"https:\/\/www.revue-recherches.fr\/wp-content\/uploads\/2014\/06\/R19-1-300x441.jpg 300w, https:\/\/www.revue-recherches.fr\/wp-content\/uploads\/2014\/06\/R19-1.jpg 948w\" sizes=\"(max-width: 300px) 100vw, 300px\" \/><\/p>\n<p style=\"text-align: justify;\">Quelles questions poser pour aider \u00e0 la compr\u00e9hension de textes ? Projet d\u2019\u00e9criture en BEP : un bon lieu pour observer les difficult\u00e9s de compr\u00e9hension mutuelle prof\/\u00e9l\u00e8ves. Quelques aides \u00e0 la compr\u00e9hension d&rsquo;un conte (CP), \u00e0 l&rsquo;explication de textes, \u00e0 la compr\u00e9hension des \u00e9nonc\u00e9s de sujet de r\u00e9flexion.<\/p>\n<p>&nbsp;<\/p>\n<p style=\"text-align: justify;\">Le num\u00e9ro est en vente <a href=\"http:\/\/www.revue-recherches.fr\/?page_id=788\" target=\"_blank\" rel=\"noopener\">sur notre site<\/a>. Les articles sont t\u00e9l\u00e9chargeables sur cette page.<\/p>\n<h3>Sommaire<\/h3>\n<p><a href=\"https:\/\/www.revue-recherches.fr\/wp-content\/uploads\/2016\/07\/7_CadetLuccini_R19_versionsite.pdf\" target=\"_blank\" rel=\"noopener\">Probl\u00e8mes de compr\u00e9hension autour d&rsquo;une activit\u00e9 de lecture-\u00e9criture concernant les \u00e9l\u00e8ves de BEP<\/a> \/ C. Cadet, G. Luccini 7<\/p>\n<hr \/>\n<p><a href=\"https:\/\/www.revue-recherches.fr\/wp-content\/uploads\/2015\/05\/27_Lusetti_R19.pdf\" target=\"_blank\" rel=\"noopener\">L&rsquo;aire du h\u00e9ros. Quelques obstacles \u00e0 la compr\u00e9hension d&rsquo;une notion<\/a>\u00a0 \/ M. Lusetti 27<\/p>\n<hr \/>\n<p><a href=\"https:\/\/www.revue-recherches.fr\/wp-content\/uploads\/2016\/07\/43_Denauw_R19.pdf\" target=\"_blank\" rel=\"noopener\">Approche th\u00e9orique et didactique du questionnement comme aide \u00e0 la compr\u00e9hension de texte<\/a> \/ P. Denauw 43<\/p>\n<hr \/>\n<p><a href=\"https:\/\/www.revue-recherches.fr\/wp-content\/uploads\/2015\/05\/101_Daunay_R19.pdf\" target=\"_blank\" rel=\"noopener\">Les questions de compr\u00e9hension au brevet des coll\u00e8ges<\/a> \/ B. Daunay 101<\/p>\n<hr \/>\n<p><a href=\"https:\/\/www.revue-recherches.fr\/wp-content\/uploads\/2016\/07\/121_Fabe_R19_versionsite.pdf\" target=\"_blank\" rel=\"noopener\">Une approche de l&rsquo;explication de texte au coll\u00e8ge<\/a> \/ D. Fab\u00e9 121<\/p>\n<hr \/>\n<p><a href=\"https:\/\/www.revue-recherches.fr\/wp-content\/uploads\/2017\/01\/145_Vanseveren_R19.pdf\" target=\"_blank\" rel=\"noopener\">Comprendre la relation entre le sujet de r\u00e9flexion et le texte qui l&rsquo;accompagne<\/a> \/ M.-P. Vanseveren 145<\/p>\n<hr \/>\n<p><a href=\"https:\/\/www.revue-recherches.fr\/wp-content\/uploads\/2015\/05\/157_Denizot_R19.pdf\" target=\"_blank\" rel=\"noopener\">Autour d&rsquo;une \u00ab fabrication \u00bb de sujets de dissertation<\/a> \/ N. Denizot 157<\/p>\n<hr \/>\n<p>\u00ab On n&rsquo;y comprend rien, \u00e7a ne commence pas par le d\u00e9but&#8230; \u00bb \/ M.-M. Cauterman, \u00c9. Vlieghe 165<\/p>\n<hr \/>\n<p><a href=\"https:\/\/www.revue-recherches.fr\/wp-content\/uploads\/2015\/05\/191_Hibert_R19.pdf\" target=\"_blank\" rel=\"noopener\">Comprendre les tableaux de donn\u00e9es<\/a> \/ B. Hibert 191<\/p>\n<hr \/>\n<p><a href=\"https:\/\/www.revue-recherches.fr\/wp-content\/uploads\/2017\/02\/199_Cauterman_R19-version-site.pdf\" target=\"_blank\" rel=\"noopener\">Christophe Colomb et Marco Polo : il ne suffit pas de voir que le texte parle de\u2026 pour comprendre ce qu&rsquo;il dit sur&#8230;<\/a> \/ M.-M. Cauterman 199<\/p>\n<hr \/>\n<p><a href=\"https:\/\/www.revue-recherches.fr\/wp-content\/uploads\/2015\/05\/215_Heems_R19.pdf\" target=\"_blank\" rel=\"noopener\">D&rsquo;o\u00f9 viens-tu Johnny ?<\/a> \/ P. Heems 215<\/p>\n<hr \/>\n<p><a href=\"https:\/\/www.revue-recherches.fr\/wp-content\/uploads\/2016\/07\/229_Darras_R19.pdf\" target=\"_blank\" rel=\"noopener\">Comprendre un conte, une aventure hautement culturelle (m\u00eame au CP, m\u00eame en soutien)<\/a> \/ F. Darras 229<\/p>\n<hr \/>\n<p><a href=\"https:\/\/www.revue-recherches.fr\/wp-content\/uploads\/2015\/05\/239_Suffys_R19.pdf\" target=\"_blank\" rel=\"noopener\">T&rsquo;occupe, tu peux pas comprendre&#8230;<\/a> \/ S. Suffys 239<\/p>\n<hr \/>\n<p><a href=\"https:\/\/www.revue-recherches.fr\/wp-content\/uploads\/2015\/05\/247_Constant_R19.pdf\" target=\"_blank\" rel=\"noopener\">Bibliographie sur l&rsquo;apprentissage<\/a> \/ M. Constant 247<\/p>\n<hr \/>\n<p><a href=\"https:\/\/www.revue-recherches.fr\/wp-content\/uploads\/2015\/05\/251_Vlieghe_R19.pdf\" target=\"_blank\" rel=\"noopener\">Des nouvelles du livre pour la jeunesse : les pirates<\/a> \/ \u00c9. Vlieghe 251<\/p>\n<p>&nbsp;<\/p>\n<blockquote>\n<p style=\"text-align: justify;\">\u00c0 l\u2019\u00e9cole, le maitre explique \u2013\u00a0r\u00e9explique\u00a0; les \u00e9l\u00e8ves comprennent \u2013 ou ne comprennent pas\u00a0: chacun est \u00e0 son poste. En cons\u00e9quence, \u00e9voquer le domaine de la compr\u00e9hension c\u2019est d\u2019abord \u00e9voquer l\u2019incompr\u00e9hension de l\u2019\u00e9l\u00e8ve face \u00e0 un exercice, une le\u00e7on, un texte, une r\u00e8gle. Apr\u00e8s l\u2019\u00e9chec de cette ultime explication encore recommenc\u00e9e qui visait justement \u00e0 le faire comprendre, il ne reste plus qu\u2019\u00e0 dire\u00a0: \u00ab\u00a0Il ne comprend pas.\u00a0\u00bb. \u00ab\u00a0Il\u00a0\u00bb\u00a0? L\u2019\u00e9l\u00e8ve bien entendu.<br \/>\nPourtant, il est parfois en classe d\u2019\u00e9tranges situations &#8230;<br \/>\nComme cet \u00e9l\u00e8ve qui pr\u00e9tend que dans <em>appelle, <\/em>[\u03b5] s\u2019\u00e9crit \/e\/ sans accent parce qu\u2019il y a deux \/p\/. Sans aucun doute alors il y a probl\u00e8mes de compr\u00e9hension\u00a0; \u00e0 cela pr\u00e8s qu\u2019ils ne se situent pas malgr\u00e9 les apparences du c\u00f4t\u00e9 o\u00f9 on les d\u00e9nonce ordinairement, mais plut\u00f4t du c\u00f4t\u00e9 de l\u2019enseignant qui n\u2019y comprend plus rien.<br \/>\nL\u2019\u00e9l\u00e8ve, lui, a conscience de faire son travail d\u2019\u00e9l\u00e8ve (il r\u00e9fl\u00e9chit, il cherche \u00e0 comprendre, il a le sentiment de comprendre) <a href=\"https:\/\/www.revue-recherches.fr\/wp-content\/uploads\/2015\/05\/5_Edito_R19.pdf\" target=\"_blank\" rel=\"noopener\">[\u2026]<\/a><\/p>\n<\/blockquote>\n","protected":false},"excerpt":{"rendered":"<p>Quelles questions poser pour aider \u00e0 la compr\u00e9hension de textes ? Projet d\u2019\u00e9criture en BEP : un bon lieu pour observer les difficult\u00e9s de compr\u00e9hension mutuelle prof\/\u00e9l\u00e8ves. Quelques aides \u00e0 la compr\u00e9hension d&rsquo;un conte (CP), \u00e0 l&rsquo;explication de textes, \u00e0 la compr\u00e9hension des \u00e9nonc\u00e9s de sujet de r\u00e9flexion. &nbsp; Le num\u00e9ro est en vente sur &hellip; <a href=\"https:\/\/www.revue-recherches.fr\/?p=3161\" class=\"more-link\">Continuer la lecture de <span class=\"screen-reader-text\">N\u00b0 19 &#8211; COMPRENDRE<\/span> <span class=\"meta-nav\">&rarr;<\/span><\/a><\/p>\n","protected":false},"author":3,"featured_media":0,"comment_status":"closed","ping_status":"open","sticky":false,"template":"","format":"standard","meta":[],"categories":[1093,1081],"tags":[],"_links":{"self":[{"href":"https:\/\/www.revue-recherches.fr\/index.php?rest_route=\/wp\/v2\/posts\/3161"}],"collection":[{"href":"https:\/\/www.revue-recherches.fr\/index.php?rest_route=\/wp\/v2\/posts"}],"about":[{"href":"https:\/\/www.revue-recherches.fr\/index.php?rest_route=\/wp\/v2\/types\/post"}],"author":[{"embeddable":true,"href":"https:\/\/www.revue-recherches.fr\/index.php?rest_route=\/wp\/v2\/users\/3"}],"replies":[{"embeddable":true,"href":"https:\/\/www.revue-recherches.fr\/index.php?rest_route=%2Fwp%2Fv2%2Fcomments&post=3161"}],"version-history":[{"count":9,"href":"https:\/\/www.revue-recherches.fr\/index.php?rest_route=\/wp\/v2\/posts\/3161\/revisions"}],"predecessor-version":[{"id":8425,"href":"https:\/\/www.revue-recherches.fr\/index.php?rest_route=\/wp\/v2\/posts\/3161\/revisions\/8425"}],"wp:attachment":[{"href":"https:\/\/www.revue-recherches.fr\/index.php?rest_route=%2Fwp%2Fv2%2Fmedia&parent=3161"}],"wp:term":[{"taxonomy":"category","embeddable":true,"href":"https:\/\/www.revue-recherches.fr\/index.php?rest_route=%2Fwp%2Fv2%2Fcategories&post=3161"},{"taxonomy":"post_tag","embeddable":true,"href":"https:\/\/www.revue-recherches.fr\/index.php?rest_route=%2Fwp%2Fv2%2Ftags&post=3161"}],"curies":[{"name":"wp","href":"https:\/\/api.w.org\/{rel}","templated":true}]}}