{"id":3113,"date":"2014-06-14T10:50:11","date_gmt":"2014-06-14T08:50:11","guid":{"rendered":"http:\/\/www.revue-recherches.fr\/?p=3113"},"modified":"2023-01-02T16:02:55","modified_gmt":"2023-01-02T15:02:55","slug":"n-13-expliquer","status":"publish","type":"post","link":"https:\/\/www.revue-recherches.fr\/?p=3113","title":{"rendered":"N\u00b0 13 &#8211; EXPLIQUER"},"content":{"rendered":"<p style=\"text-align: left;\"><img loading=\"lazy\" class=\"alignleft wp-image-7453 size-medium\" src=\"http:\/\/www.revue-recherches.fr\/wp-content\/uploads\/2014\/06\/R13-1-300x440.jpg\" alt=\"\" width=\"300\" height=\"440\" srcset=\"https:\/\/www.revue-recherches.fr\/wp-content\/uploads\/2014\/06\/R13-1-300x440.jpg 300w, https:\/\/www.revue-recherches.fr\/wp-content\/uploads\/2014\/06\/R13-1.jpg 949w\" sizes=\"(max-width: 300px) 100vw, 300px\" \/><br \/>\nQuestions de la r\u00e9daction \u00e0 J.-M. Adam, M. Charolles, B. Combettes, J.-F. Halt\u00e9. Le texte explicatif (CE2, Coll\u00e8ge, LP). Questions de compr\u00e9hension au brevet. Travailler la probl\u00e9matisation. Expliquer, reformuler, comparer.<\/p>\n<p>&nbsp;<\/p>\n<p>&nbsp;<\/p>\n<p>Les articles sont t\u00e9l\u00e9chargeables sur cette page.<\/p>\n<h3>Sommaire<\/h3>\n<p><a href=\"https:\/\/www.revue-recherches.fr\/wp-content\/uploads\/2014\/06\/5_RedactionQuestionsA_R13.pdf\" target=\"_blank\" rel=\"noopener\">Points de vue\u2026 Questions de la r\u00e9daction \u00e0 J.-M. Adam, M. Charolles, B. Combettes, J.-F. Halt\u00e9<\/a> \/\u00a0 5<\/p>\n<hr \/>\n<p><a href=\"https:\/\/www.revue-recherches.fr\/wp-content\/uploads\/2016\/07\/21_Brassart_R13.pdf\" target=\"_blank\" rel=\"noopener\">Explicatif, argumentatif, descriptif , narratif et quelques autres \u2013 Notes de travail <\/a>\/\u00a0 D.-G. Brassart\u00a0 21<\/p>\n<hr \/>\n<p><a href=\"https:\/\/www.revue-recherches.fr\/wp-content\/uploads\/2015\/05\/61_Daunay_R13.pdf\" target=\"_blank\" rel=\"noopener\">Le texte explicatif en cours de fran\u00e7ais. Note sur l&rsquo;usage d&rsquo;un objet didactique<\/a>\u00a0 \/\u00a0\u00a0B. Daunay\u00a0 61<\/p>\n<hr \/>\n<p><a href=\"http:\/\/www.revue-recherches.fr\/wp-content\/uploads\/2015\/05\/67_Tiset_R13.pdf\" target=\"_blank\" rel=\"noopener\">Q<\/a><a href=\"https:\/\/www.revue-recherches.fr\/wp-content\/uploads\/2015\/05\/67_Tiset_R13.pdf\" target=\"_blank\" rel=\"noopener\">u&rsquo;est devenue \u00ab l&rsquo;explication de texte\u00bb \u00e0 l&rsquo;oral au bac ? Officiellement : \u00ab la lecture m\u00e9thodique \u00bb\u2026<\/a> \/\u00a0 R. Tiset\u00a0 67<\/p>\n<hr \/>\n<p><a href=\"https:\/\/www.revue-recherches.fr\/wp-content\/uploads\/2015\/05\/77_Bertoncini_R13.pdf\" target=\"_blank\" rel=\"noopener\">Brevet des coll\u00e8ges 1990. Questions de compr\u00e9hension et r\u00e9daction<\/a> \/\u00a0 M. Bertoncini\u00a0 77<\/p>\n<hr \/>\n<p><a href=\"https:\/\/www.revue-recherches.fr\/wp-content\/uploads\/2016\/07\/79_Suffys_R13.pdf\" target=\"_blank\" rel=\"noopener\">Mais pourquoi donc Rose faisait-elle expr\u00e8s de pleurer\u00a0?<\/a> \/\u00a0 S. Suffys\u00a0 79<\/p>\n<hr \/>\n<p>Approche du texte explicatif (en pourquoi\u00a0?) au CE1 ou pourquoi les feuilles tombent\u2026 \/\u00a0 D.-G. Brassart, M.-A. Deroo\u00a0 93<\/p>\n<hr \/>\n<p><a href=\"https:\/\/www.revue-recherches.fr\/wp-content\/uploads\/2016\/07\/105_CautermanGraczyk_R13_versionsite.pdf\" target=\"_blank\" rel=\"noopener\">Pourquoi les cigognes disparaissent-elles\u00a0? Travailler la probl\u00e9matisation en 6<sup>e<\/sup>-5<sup>e<\/sup> <\/a>\/\u00a0 M.-M. Cauterman, B. Graczyk\u00a0 105<\/p>\n<hr \/>\n<p><a href=\"https:\/\/www.revue-recherches.fr\/wp-content\/uploads\/2015\/08\/113_DaunayLusettiR13.pdf\" target=\"_blank\" rel=\"noopener\">Le texte explicatif en sixi\u00e8me. Prospectives pour un projet d\u2019apprentissage<\/a> \/\u00a0 B. Daunay, M. Lusetti\u00a0 113<\/p>\n<hr \/>\n<p><a href=\"https:\/\/www.revue-recherches.fr\/wp-content\/uploads\/2017\/02\/149_Delcambre_R13_version-site.pdf\" target=\"_blank\" rel=\"noopener\">Voil\u00e0 pourquoi ce texte est un texte explicatif typique<\/a> \/\u00a0 I. Delcambre\u00a0 149<\/p>\n<hr \/>\n<p><a href=\"https:\/\/www.revue-recherches.fr\/wp-content\/uploads\/2015\/08\/157_Horvais_R13.pdf\" target=\"_blank\" rel=\"noopener\">Pour une approche du texte explicatif. Le script<\/a>\u00a0 \/\u00a0 R. Horvais\u00a0 157<\/p>\n<hr \/>\n<p><a href=\"https:\/\/www.revue-recherches.fr\/wp-content\/uploads\/2015\/05\/167_HibertLuccini_R13.pdf\" target=\"_blank\" rel=\"noopener\">Identifier et \u00e9crire des textes explicatifs au LP<\/a> \/\u00a0 B. Hibert-Hocquet, G. Luccini-Montiel\u00a0 167<\/p>\n<hr \/>\n<p><a href=\"https:\/\/www.revue-recherches.fr\/wp-content\/uploads\/2015\/05\/185_Josselin_R13.pdf\" target=\"_blank\" rel=\"noopener\">Des explications et des \u00e9l\u00e8ves<\/a> \/\u00a0 P. Josselin\u00a0 185<\/p>\n<hr \/>\n<p><a href=\"https:\/\/www.revue-recherches.fr\/wp-content\/uploads\/2014\/06\/191_Lusetti_R13.pdf\" target=\"_blank\" rel=\"noopener\">Expliquer, reformuler, comparer<\/a> \/\u00a0 M. Lusetti\u00a0 191<\/p>\n<hr \/>\n<p><a href=\"https:\/\/www.revue-recherches.fr\/wp-content\/uploads\/2015\/05\/205_Vlieghe_R13.pdf\" target=\"_blank\" rel=\"noopener\">Des nouvelles du livre pour la jeunesse : la t\u00e9l\u00e9vision<\/a> \/\u00a0 \u00c9. Vlieghe\u00a0 205<\/p>\n<h3>\u00c9ditorial<\/h3>\n<blockquote>\n<p style=\"text-align: justify;\">L\u2019expliquer est au centre de la relation p\u00e9dagogique \u2013 relation par essence in\u00e9galitaire o\u00f9 ma l\u00e9gitimit\u00e9 est de savoir, la tienne de ne pas savoir. O\u00f9 mon r\u00f4le est d\u2019expliquer, de t\u2019expliquer ce qui fait obstacle \u00e0 ta compr\u00e9hension\u00a0; le tien de comprendre pour pouvoir expliquer \u00e0 ton tour, non pas pour m\u2019expliquer (puisque justement je sais), mais pour me montrer que tu es capable de produire cette explication, ou plut\u00f4t alors cette justification de ta compr\u00e9hension. Ici, expliquer est entendu dans une perspective communicationnelle, particuli\u00e8rement dans la sp\u00e9cificit\u00e9 de la communication \u00e0 l\u2019\u00e9cole d\u00e8s que se trouve constitu\u00e9 le couple enseigner\/apprendre.<a href=\"https:\/\/www.revue-recherches.fr\/wp-content\/uploads\/2014\/06\/3_Edito_R13.pdf\" target=\"_blank\" rel=\"noopener\"> [&#8230;]<\/a><\/p>\n<\/blockquote>\n","protected":false},"excerpt":{"rendered":"<p>Questions de la r\u00e9daction \u00e0 J.-M. Adam, M. Charolles, B. Combettes, J.-F. Halt\u00e9. Le texte explicatif (CE2, Coll\u00e8ge, LP). Questions de compr\u00e9hension au brevet. Travailler la probl\u00e9matisation. Expliquer, reformuler, comparer. &nbsp; &nbsp; Les articles sont t\u00e9l\u00e9chargeables sur cette page. Sommaire Points de vue\u2026 Questions de la r\u00e9daction \u00e0 J.-M. Adam, M. Charolles, B. Combettes, J.-F. &hellip; <a href=\"https:\/\/www.revue-recherches.fr\/?p=3113\" class=\"more-link\">Continuer la lecture de <span class=\"screen-reader-text\">N\u00b0 13 &#8211; EXPLIQUER<\/span> <span class=\"meta-nav\">&rarr;<\/span><\/a><\/p>\n","protected":false},"author":3,"featured_media":0,"comment_status":"closed","ping_status":"open","sticky":false,"template":"","format":"standard","meta":[],"categories":[1093,1081],"tags":[],"_links":{"self":[{"href":"https:\/\/www.revue-recherches.fr\/index.php?rest_route=\/wp\/v2\/posts\/3113"}],"collection":[{"href":"https:\/\/www.revue-recherches.fr\/index.php?rest_route=\/wp\/v2\/posts"}],"about":[{"href":"https:\/\/www.revue-recherches.fr\/index.php?rest_route=\/wp\/v2\/types\/post"}],"author":[{"embeddable":true,"href":"https:\/\/www.revue-recherches.fr\/index.php?rest_route=\/wp\/v2\/users\/3"}],"replies":[{"embeddable":true,"href":"https:\/\/www.revue-recherches.fr\/index.php?rest_route=%2Fwp%2Fv2%2Fcomments&post=3113"}],"version-history":[{"count":23,"href":"https:\/\/www.revue-recherches.fr\/index.php?rest_route=\/wp\/v2\/posts\/3113\/revisions"}],"predecessor-version":[{"id":8419,"href":"https:\/\/www.revue-recherches.fr\/index.php?rest_route=\/wp\/v2\/posts\/3113\/revisions\/8419"}],"wp:attachment":[{"href":"https:\/\/www.revue-recherches.fr\/index.php?rest_route=%2Fwp%2Fv2%2Fmedia&parent=3113"}],"wp:term":[{"taxonomy":"category","embeddable":true,"href":"https:\/\/www.revue-recherches.fr\/index.php?rest_route=%2Fwp%2Fv2%2Fcategories&post=3113"},{"taxonomy":"post_tag","embeddable":true,"href":"https:\/\/www.revue-recherches.fr\/index.php?rest_route=%2Fwp%2Fv2%2Ftags&post=3113"}],"curies":[{"name":"wp","href":"https:\/\/api.w.org\/{rel}","templated":true}]}}