{"id":3104,"date":"2014-06-14T10:47:46","date_gmt":"2014-06-14T08:47:46","guid":{"rendered":"http:\/\/www.revue-recherches.fr\/?p=3104"},"modified":"2023-01-02T15:59:58","modified_gmt":"2023-01-02T14:59:58","slug":"n-12-genres","status":"publish","type":"post","link":"https:\/\/www.revue-recherches.fr\/?p=3104","title":{"rendered":"N\u00b0 12 &#8211; GENRES ?"},"content":{"rendered":"<p style=\"text-align: justify;\"><img loading=\"lazy\" class=\"alignright wp-image-7450 size-medium\" src=\"http:\/\/www.revue-recherches.fr\/wp-content\/uploads\/2021\/01\/R12-300x449.jpg\" alt=\"\" width=\"300\" height=\"449\" srcset=\"https:\/\/www.revue-recherches.fr\/wp-content\/uploads\/2021\/01\/R12-300x449.jpg 300w, https:\/\/www.revue-recherches.fr\/wp-content\/uploads\/2021\/01\/R12.jpg 943w\" sizes=\"(max-width: 300px) 100vw, 300px\" \/><\/p>\n<p style=\"text-align: justify;\">Construction de la notion de genre narratif au coll\u00e8ge. Le conte (coll\u00e8ge\/\u00e9cole \u00e9l\u00e9mentaire). La litt\u00e9rature de jeunesse, un genre mineur\u00a0? Roman feuilleton, roman historique, science-fiction au LP Fables et r\u00e9cits de ruse. Questions \u00e0 D.-G. Brassart et \u00e0 Y. Reuter.<\/p>\n<p style=\"text-align: justify;\">Les articles sont t\u00e9l\u00e9chargeables sur cette page.<\/p>\n<h3>Sommaire<\/h3>\n<p><a href=\"https:\/\/www.revue-recherches.fr\/wp-content\/uploads\/2015\/05\/R12_7_NoyereConstant2.pdf\" target=\"_blank\" rel=\"noopener\">Les Bottes de sept lieues: approche de la notion de genre narratif<\/a>\u00a0 \/\u00a0 A. Noy\u00e8re, M. Constant 7<\/p>\n<hr \/>\n<p><a href=\"https:\/\/www.revue-recherches.fr\/wp-content\/uploads\/2015\/05\/R12_17_BrisswalterDarraspdf2.pdf\" target=\"_blank\" rel=\"noopener\">\u00ab Il \u00e9tait une fois&#8230; S\u00e9bastien et ses autres \u00bb<\/a>\u00a0 \/\u00a0 B. Brisswalter, F. Darras 17<\/p>\n<hr \/>\n<p><a href=\"https:\/\/www.revue-recherches.fr\/wp-content\/uploads\/2015\/05\/R12_41_Luccini2.pdf\" target=\"_blank\" rel=\"noopener\">Le roman feuilleton: le passage d&rsquo;un \u00e9pisode au suivant<\/a>\u00a0 \/\u00a0 G. Luccini-Montiel 41<\/p>\n<hr \/>\n<p><a href=\"https:\/\/www.revue-recherches.fr\/wp-content\/uploads\/2015\/08\/R12_137_Hibert_versionsite1.pdf\" target=\"_blank\" rel=\"noopener\">Vous avez dit \u00ab science- fiction \u00bb ?<\/a>\u00a0 \/\u00a0 B. Hibert 57<\/p>\n<hr \/>\n<p><a href=\"https:\/\/www.revue-recherches.fr\/wp-content\/uploads\/2015\/08\/R12_67_Lusetti_version-site.pdf\" target=\"_blank\" rel=\"noopener\">O\u00f9 en est-on avec le conte ?<\/a>\u00a0 \/\u00a0 M. Lusetti 67<\/p>\n<hr \/>\n<p><a href=\"https:\/\/www.revue-recherches.fr\/wp-content\/uploads\/2015\/05\/R12_75_Darras2.pdf\" target=\"_blank\" rel=\"noopener\">Le conte, un genre tr\u00e8s p\u00e9dagogique<\/a>\u00a0 \/\u00a0 F. Darras 75<\/p>\n<hr \/>\n<p><a href=\"https:\/\/www.revue-recherches.fr\/wp-content\/uploads\/2015\/05\/R12_85_Dubois2.pdf\" target=\"_blank\" rel=\"noopener\">R\u00e9cit de ruse et probl\u00e8mes de compr\u00e9hension. Compte rendu d&rsquo;exp\u00e9rience en CE2<\/a>\u00a0 \/\u00a0 D. Dubois-Marcoin 85<\/p>\n<hr \/>\n<p><a href=\"https:\/\/www.revue-recherches.fr\/wp-content\/uploads\/2015\/08\/R12_95_Suffys_versionsite.pdf\" target=\"_blank\" rel=\"noopener\">Des \u00e9l\u00e8ves, des fables<\/a>\u00a0 \/\u00a0 S. Suffys 95<\/p>\n<hr \/>\n<p><a href=\"https:\/\/www.revue-recherches.fr\/wp-content\/uploads\/2015\/05\/R12_111_DelpierreVlieghe2.pdf\" target=\"_blank\" rel=\"noopener\">La litt\u00e9rature de jeunesse, une litt\u00e9rature d&rsquo;un nouveau genre ?<\/a>\u00a0 \/\u00a0 C. Delpierre, \u00c9. Vlieghe 111<\/p>\n<hr \/>\n<p><a href=\"https:\/\/www.revue-recherches.fr\/wp-content\/uploads\/2016\/07\/R12_121_Goldschmidt_versionsite.pdf\" target=\"_blank\" rel=\"noopener\">Moi, Sissi, Imp\u00e9ratrice et Junkie<\/a>\u00a0 \/\u00a0 P. Goldschmidt 121<\/p>\n<hr \/>\n<p><a href=\"https:\/\/www.revue-recherches.fr\/wp-content\/uploads\/2015\/08\/R12_129_Noyere_versionsite.pdf\" target=\"_blank\" rel=\"noopener\">Docteur Jekyll et Mister Hyde: d&rsquo;un genre \u00e0 l&rsquo;autre<\/a>\u00a0 \/\u00a0 A. Noy\u00e8re 129<\/p>\n<hr \/>\n<p><a href=\"https:\/\/www.revue-recherches.fr\/wp-content\/uploads\/2015\/08\/R12_137_Hibert_versionsite.pdf\" target=\"_blank\" rel=\"noopener\">Comparaison entre un roman historique, <i>Les rois maudits<\/i> de Maurice Druon, et l&rsquo;une de ses sources : <i>Les Chroniques<\/i> de Froissart<\/a>\u00a0 \/\u00a0 B.\u00a0Hibert 137<\/p>\n<hr \/>\n<p><a href=\"https:\/\/www.revue-recherches.fr\/wp-content\/uploads\/2015\/08\/R12_149_LaRedactionBrassartReuter_versionsite.pdf\" target=\"_blank\" rel=\"noopener\">Points de vue&#8230; Questions de la r\u00e9daction \u00e0 D.-G. Brassart et Y. Reuter\u00a0 \/\u00a0<\/a> 149<\/p>\n<hr \/>\n<p><a href=\"https:\/\/www.revue-recherches.fr\/wp-content\/uploads\/2021\/01\/R12_161_Biblio.pdf\" target=\"_blank\" rel=\"noopener\">Bibliographie<\/a>\u00a0 \/\u00a0 161<\/p>\n<hr \/>\n<p><a href=\"https:\/\/www.revue-recherches.fr\/wp-content\/uploads\/2015\/05\/R12_163_Vlieghe2.pdf\" target=\"_blank\" rel=\"noopener\">Des nouvelles du livre pour la jeunesse : le roman policier<\/a>\u00a0 \/\u00a0 \u00c9. Vlieghe\u00a0163<\/p>\n<h3>\u00c9ditorial<\/h3>\n<blockquote>\n<p style=\"text-align: justify;\">Les p\u00e9dagogues se sont, depuis quelque temps, all\u00e8grement empar\u00e9s de la notion de \u00ab\u00a0genre\u00a0\u00bb, sans qu\u2019ait \u00e9t\u00e9 dissip\u00e9e toute ambig\u00fcit\u00e9 quant \u00e0 ses finalit\u00e9s didactiques. En fait, deux grandes s\u00e9ries de questions sont soulev\u00e9es.Sur l\u2019objet genre d\u2019abord\u00a0: \u00ab\u00a0Qu\u2019est-ce qu\u2019un genre\u00a0? Quelle validit\u00e9 accorder aux innombrables typologies esquiss\u00e9es ou ass\u00e9n\u00e9es depuis Aristote jusqu\u2019\u00e0 (entre autres) Kate Hamburger\u00a0? En quoi cette notion peut-elle \u00eatre op\u00e9ratoire pour appr\u00e9cier la production \u00ab\u00a0litt\u00e9raire\u00a0\u00bb contemporaine \u2013 de la publicit\u00e9 au roman inqualifiable en passant par le clip et le graffiti\u00a0?Interrogation aussi sur la place de cette notion en classe de fran\u00e7ais\u00a0: peut-elle se constituer en objet didactique\u00a0? Quel r\u00f4le peut-elle jouer dans une p\u00e9dagogie de la lecture\/ \u00e9criture\u00a0? Quelle aide apporte-t-elle \u00e0 l\u2019enseignement comme \u00e0 l\u2019apprenant\u00a0? <a href=\"https:\/\/www.revue-recherches.fr\/wp-content\/uploads\/2015\/05\/R12_3_Edito1.pdf\" target=\"_blank\" rel=\"noopener\">[\u2026]<\/a><\/p>\n<\/blockquote>\n","protected":false},"excerpt":{"rendered":"<p>Construction de la notion de genre narratif au coll\u00e8ge. Le conte (coll\u00e8ge\/\u00e9cole \u00e9l\u00e9mentaire). La litt\u00e9rature de jeunesse, un genre mineur\u00a0? Roman feuilleton, roman historique, science-fiction au LP Fables et r\u00e9cits de ruse. Questions \u00e0 D.-G. Brassart et \u00e0 Y. Reuter. Les articles sont t\u00e9l\u00e9chargeables sur cette page. Sommaire Les Bottes de sept lieues: approche de &hellip; <a href=\"https:\/\/www.revue-recherches.fr\/?p=3104\" class=\"more-link\">Continuer la lecture de <span class=\"screen-reader-text\">N\u00b0 12 &#8211; GENRES ?<\/span> <span class=\"meta-nav\">&rarr;<\/span><\/a><\/p>\n","protected":false},"author":3,"featured_media":0,"comment_status":"closed","ping_status":"open","sticky":false,"template":"","format":"standard","meta":[],"categories":[1093,1081],"tags":[],"_links":{"self":[{"href":"https:\/\/www.revue-recherches.fr\/index.php?rest_route=\/wp\/v2\/posts\/3104"}],"collection":[{"href":"https:\/\/www.revue-recherches.fr\/index.php?rest_route=\/wp\/v2\/posts"}],"about":[{"href":"https:\/\/www.revue-recherches.fr\/index.php?rest_route=\/wp\/v2\/types\/post"}],"author":[{"embeddable":true,"href":"https:\/\/www.revue-recherches.fr\/index.php?rest_route=\/wp\/v2\/users\/3"}],"replies":[{"embeddable":true,"href":"https:\/\/www.revue-recherches.fr\/index.php?rest_route=%2Fwp%2Fv2%2Fcomments&post=3104"}],"version-history":[{"count":9,"href":"https:\/\/www.revue-recherches.fr\/index.php?rest_route=\/wp\/v2\/posts\/3104\/revisions"}],"predecessor-version":[{"id":8418,"href":"https:\/\/www.revue-recherches.fr\/index.php?rest_route=\/wp\/v2\/posts\/3104\/revisions\/8418"}],"wp:attachment":[{"href":"https:\/\/www.revue-recherches.fr\/index.php?rest_route=%2Fwp%2Fv2%2Fmedia&parent=3104"}],"wp:term":[{"taxonomy":"category","embeddable":true,"href":"https:\/\/www.revue-recherches.fr\/index.php?rest_route=%2Fwp%2Fv2%2Fcategories&post=3104"},{"taxonomy":"post_tag","embeddable":true,"href":"https:\/\/www.revue-recherches.fr\/index.php?rest_route=%2Fwp%2Fv2%2Ftags&post=3104"}],"curies":[{"name":"wp","href":"https:\/\/api.w.org\/{rel}","templated":true}]}}