{"id":3088,"date":"2014-06-14T10:43:02","date_gmt":"2014-06-14T08:43:02","guid":{"rendered":"http:\/\/www.revue-recherches.fr\/?p=3088"},"modified":"2023-01-02T15:54:06","modified_gmt":"2023-01-02T14:54:06","slug":"n-9-argumenter","status":"publish","type":"post","link":"https:\/\/www.revue-recherches.fr\/?p=3088","title":{"rendered":"N\u00b0 09 &#8211; ARGUMENTER"},"content":{"rendered":"<p style=\"text-align: left;\"><img loading=\"lazy\" class=\"alignleft wp-image-7440 size-medium\" src=\"http:\/\/www.revue-recherches.fr\/wp-content\/uploads\/2021\/01\/R09-300x447.jpg\" alt=\"\" width=\"300\" height=\"447\" srcset=\"https:\/\/www.revue-recherches.fr\/wp-content\/uploads\/2021\/01\/R09-300x447.jpg 300w, https:\/\/www.revue-recherches.fr\/wp-content\/uploads\/2021\/01\/R09.jpg 941w\" sizes=\"(max-width: 300px) 100vw, 300px\" \/><\/p>\n<p>&nbsp;<\/p>\n<p>&nbsp;<\/p>\n<p>&nbsp;<\/p>\n<p>Les articles sont t\u00e9l\u00e9chargeables sur cette page.<\/p>\n<h3>Sommaire<\/h3>\n<p><a href=\"https:\/\/www.revue-recherches.fr\/wp-content\/uploads\/2021\/01\/R9_5-11_ConstantDelcambre.pdf\" target=\"_blank\" rel=\"noopener noreferrer\">Entre chiens et chats<\/a> \/ M. Constant, I. Delcambre\u00a0 5<\/p>\n<hr \/>\n<p>Aimez-vous l&rsquo;argumentation en 6<sup>e<\/sup> ? \/ B. Daunay\u00a0 13<\/p>\n<hr \/>\n<p><a href=\"https:\/\/www.revue-recherches.fr\/wp-content\/uploads\/2021\/01\/R9_17-31_Brassart.pdf\" target=\"_blank\" rel=\"noopener noreferrer\">Apprendre \u00e0 \u00e9crire des textes argumentatifs au CE1, est-ce possible ?<\/a> \/ M. Lemoine, D. Brassart\u00a0\u00a0 17<\/p>\n<hr \/>\n<p><a href=\"https:\/\/www.revue-recherches.fr\/wp-content\/uploads\/2021\/01\/R9_33-53_Noyere.pdf\" target=\"_blank\" rel=\"noopener noreferrer\">Vous avez tort&#8230; c&rsquo;est tr\u00e8s bien le train !\u00a0<\/a> \/ A. Noy\u00e8re\u00a0 33<\/p>\n<hr \/>\n<p><a href=\"https:\/\/www.revue-recherches.fr\/wp-content\/uploads\/2021\/01\/R9_55-60__Hibert.pdf\" target=\"_blank\" rel=\"noopener noreferrer\">La provocation au service de la r\u00e9futation<\/a> \/ B. Hibert\u00a0 55<\/p>\n<hr \/>\n<p><a href=\"https:\/\/www.revue-recherches.fr\/wp-content\/uploads\/2021\/01\/R9_61-107_DelcambreVanseveren.pdf\" target=\"_blank\" rel=\"noopener noreferrer\">Apprendre \u00e0 g\u00e9rer des contre-arguments<\/a> \/ I. Delcambre, M.-P. Vanseveren, F. Darras\u00a0 61<\/p>\n<p><a href=\"http:\/\/www.revue-recherches.fr\/wp-content\/uploads\/2021\/01\/R9_109-113_Hibert.pdf\" target=\"_blank\" rel=\"noopener noreferrer\">Du stage PAF \u00e0 la classe<\/a> \/ B. Hibert\u00a0 109<\/p>\n<hr \/>\n<p><a href=\"https:\/\/www.revue-recherches.fr\/wp-content\/uploads\/2021\/01\/R9_115-122_Goldschmidt_versionsite.pdf\" target=\"_blank\" rel=\"noopener noreferrer\">Le rap des comices&#8230; ou le \u00ab slamping \u00bb argumentaire<\/a> \/ P. Goldschmidt\u00a0 115<\/p>\n<hr \/>\n<p><a href=\"https:\/\/www.revue-recherches.fr\/wp-content\/uploads\/2021\/01\/R9_123-164_Brassart.pdf\" target=\"_blank\" rel=\"noopener noreferrer\">Pourquoi et comment analyser et repr\u00e9senter le texte argumentatif (\u00e9crit) ?<\/a>\/ D. Brassart\u00a0 123<\/p>\n<p><a href=\"https:\/\/www.revue-recherches.fr\/wp-content\/uploads\/2021\/01\/R9_165-166_Constant.pdf\" target=\"_blank\" rel=\"noopener noreferrer\">T&rsquo;as pas des id\u00e9es ?<\/a> \/ M. Constant\u00a0 165<\/p>\n<hr \/>\n<p><a href=\"https:\/\/www.revue-recherches.fr\/wp-content\/uploads\/2021\/01\/R9_167-169_Hibert.pdf\" target=\"_blank\" rel=\"noopener noreferrer\">Le pi\u00e8ge de certains \u00e9nonc\u00e9s de devoirs de r\u00e9flexion : \u00ab On a envie d&rsquo;y r\u00e9pondre tout de suite ! \u00bb<\/a> \/ B. Hibert\u00a0 167<\/p>\n<hr \/>\n<p><a href=\"https:\/\/www.revue-recherches.fr\/wp-content\/uploads\/2021\/01\/R9_171-184_Tiset.pdf\" target=\"_blank\" rel=\"noopener noreferrer\">L&rsquo;argumentation, un exercice apparemment au-dessus de tout soup\u00e7on&#8230; et pourtant entach\u00e9 de d\u00e9-raison<\/a> \/ R. Tiset\u00a0 171<\/p>\n<hr \/>\n<p><a href=\"https:\/\/www.revue-recherches.fr\/wp-content\/uploads\/2021\/01\/R9_185-187_Brassart.pdf\" target=\"_blank\" rel=\"noopener noreferrer\">Bibliographie<\/a> \/ D. Brassart\u00a0 185<\/p>\n<hr \/>\n<p align=\"LEFT\"><a href=\"https:\/\/www.revue-recherches.fr\/wp-content\/uploads\/2021\/01\/R9_189-192_VliegheInisan.pdf\" target=\"_blank\" rel=\"noopener noreferrer\">Des nouvelles de la litt\u00e9rature de jeunesse<\/a> \/ J.-F. Inisan, \u00c9. Vlieghe\u00a0 188<\/p>\n<hr \/>\n<p align=\"LEFT\"><a href=\"https:\/\/www.revue-recherches.fr\/wp-content\/uploads\/2021\/01\/R9_193-195_LaRedaction.pdf\" target=\"_blank\" rel=\"noopener noreferrer\">Brevet des coll\u00e8ges cuv\u00e9e 1998 : quelques r\u00e9actions<\/a> \/ La r\u00e9daction\u00a0 193<\/p>\n<h3 align=\"LEFT\">\u00c9ditorial<\/h3>\n<blockquote>\n<p style=\"text-align: justify;\">Derri\u00e8re le th\u00e8me de ce num\u00e9ro de <em>Recherches<\/em>, beaucoup d&rsquo;enjeux ; de partis pris, peut-\u00eatre. En tout cas, des enjeux th\u00e9oriques, didactiques, p\u00e9dagogiques, institutionnels\u2026<br \/>\nAffirmer d\u2019abord que la mise \u00e0 la production de textes argumentatifs a sa place tr\u00e8s t\u00f4t dans l\u2019ensemble des apprentissages langagiers. Pourquoi pas d\u00e8s les CEl\u00a0? Aussi, au fil des articles, des propositions de d\u00e9marches, des aides \u00e0 l\u2019\u00e9criture et \u00e0 la r\u00e9vision de textes argumentatifs, des \u00e9valuations de productions d\u2019\u00e9l\u00e8ves, au CEl , en 6\u00e8me, S\u00e8me, 3\u00e8me des coll\u00e8ges, 3\u00e8me technologique, BEP, 2<sup>nde<\/sup>. Mais, si ce num\u00e9ro se veut r\u00e9pondre au privil\u00e8ge accord\u00e9 au texte narratif dans le cursus scolaire \u00e0 l\u2019\u00e9cole \u00e9l\u00e9mentaire et au coll\u00e8ge, il n\u2019en demeure pas moins \u00a0que \u00a0cette pr\u00e9pond\u00e9rance \u00a0du texte \u00a0narratif \u00a0sur les autres types de textes est due, en partie au moins, \u00e0 l\u2019existence d\u00e9j\u00e0 assez ancienne de mod\u00e8les th\u00e9oriques constitu\u00e9s, largement vulgaris\u00e9s dans la litt\u00e9rature p\u00e9dagogique. Rien de tel n\u2019existe encore pour le texte argumentatif. <a href=\"https:\/\/www.revue-recherches.fr\/wp-content\/uploads\/2021\/01\/R9_3-4_Edito.pdf\" target=\"_blank\" rel=\"noopener noreferrer\">[&#8230;]<\/a><\/p>\n<\/blockquote>\n<p>&nbsp;<\/p>\n<p>&nbsp;<\/p>\n","protected":false},"excerpt":{"rendered":"<p>&nbsp; &nbsp; &nbsp; Les articles sont t\u00e9l\u00e9chargeables sur cette page. Sommaire Entre chiens et chats \/ M. Constant, I. Delcambre\u00a0 5 Aimez-vous l&rsquo;argumentation en 6e ? \/ B. Daunay\u00a0 13 Apprendre \u00e0 \u00e9crire des textes argumentatifs au CE1, est-ce possible ? \/ M. Lemoine, D. Brassart\u00a0\u00a0 17 Vous avez tort&#8230; c&rsquo;est tr\u00e8s bien le train &hellip; <a href=\"https:\/\/www.revue-recherches.fr\/?p=3088\" class=\"more-link\">Continuer la lecture de <span class=\"screen-reader-text\">N\u00b0 09 &#8211; ARGUMENTER<\/span> <span class=\"meta-nav\">&rarr;<\/span><\/a><\/p>\n","protected":false},"author":3,"featured_media":0,"comment_status":"closed","ping_status":"open","sticky":false,"template":"","format":"standard","meta":[],"categories":[1093,1081],"tags":[],"_links":{"self":[{"href":"https:\/\/www.revue-recherches.fr\/index.php?rest_route=\/wp\/v2\/posts\/3088"}],"collection":[{"href":"https:\/\/www.revue-recherches.fr\/index.php?rest_route=\/wp\/v2\/posts"}],"about":[{"href":"https:\/\/www.revue-recherches.fr\/index.php?rest_route=\/wp\/v2\/types\/post"}],"author":[{"embeddable":true,"href":"https:\/\/www.revue-recherches.fr\/index.php?rest_route=\/wp\/v2\/users\/3"}],"replies":[{"embeddable":true,"href":"https:\/\/www.revue-recherches.fr\/index.php?rest_route=%2Fwp%2Fv2%2Fcomments&post=3088"}],"version-history":[{"count":13,"href":"https:\/\/www.revue-recherches.fr\/index.php?rest_route=\/wp\/v2\/posts\/3088\/revisions"}],"predecessor-version":[{"id":8417,"href":"https:\/\/www.revue-recherches.fr\/index.php?rest_route=\/wp\/v2\/posts\/3088\/revisions\/8417"}],"wp:attachment":[{"href":"https:\/\/www.revue-recherches.fr\/index.php?rest_route=%2Fwp%2Fv2%2Fmedia&parent=3088"}],"wp:term":[{"taxonomy":"category","embeddable":true,"href":"https:\/\/www.revue-recherches.fr\/index.php?rest_route=%2Fwp%2Fv2%2Fcategories&post=3088"},{"taxonomy":"post_tag","embeddable":true,"href":"https:\/\/www.revue-recherches.fr\/index.php?rest_route=%2Fwp%2Fv2%2Ftags&post=3088"}],"curies":[{"name":"wp","href":"https:\/\/api.w.org\/{rel}","templated":true}]}}