{"id":3061,"date":"2014-06-14T10:30:48","date_gmt":"2014-06-14T08:30:48","guid":{"rendered":"http:\/\/www.revue-recherches.fr\/?p=3061"},"modified":"2023-01-02T15:49:00","modified_gmt":"2023-01-02T14:49:00","slug":"n-5-technique-technologie-technocratie","status":"publish","type":"post","link":"https:\/\/www.revue-recherches.fr\/?p=3061","title":{"rendered":"N\u00b0 05 &#8211; TECHNIQUE ! TECHNOLOGIE\u00a0! TECHNOCRATIE\u00a0!"},"content":{"rendered":"<p><img loading=\"lazy\" class=\"wp-image-7362 size-medium alignleft\" src=\"http:\/\/www.revue-recherches.fr\/wp-content\/uploads\/2014\/06\/R05-1-300x429.jpg\" alt=\"\" width=\"300\" height=\"429\" srcset=\"https:\/\/www.revue-recherches.fr\/wp-content\/uploads\/2014\/06\/R05-1-300x429.jpg 300w, https:\/\/www.revue-recherches.fr\/wp-content\/uploads\/2014\/06\/R05-1-1024x1463.jpg 1024w, https:\/\/www.revue-recherches.fr\/wp-content\/uploads\/2014\/06\/R05-1-1075x1536.jpg 1075w, https:\/\/www.revue-recherches.fr\/wp-content\/uploads\/2014\/06\/R05-1.jpg 1218w\" sizes=\"(max-width: 300px) 100vw, 300px\" \/><\/p>\n<p>&nbsp;<\/p>\n<p>&nbsp;<\/p>\n<p>Ce num\u00e9ro peut \u00eatre int\u00e9gralement <a href=\"https:\/\/www.revue-recherches.fr\/wp-content\/uploads\/2021\/01\/RECHERCHES-N\u00b0-5.pdf\" target=\"_blank\" rel=\"noopener noreferrer\">t\u00e9l\u00e9charg\u00e9<\/a>.<\/p>\n<h3>Sommaire<\/h3>\n<p>Plong\u00e9e au c\u0153ur de l&rsquo;histoire\u00a0 \/\u00a0 J. Steinling-Henry\u00a0 3<\/p>\n<p>Objet : le miracle p\u00e9dagogique de la seconde moiti\u00e9 du\u00a0XX<sup>e<\/sup> si\u00e8cle \/\u00a0 J. Steinling-Henry\u00a0\u00a0 15<\/p>\n<p>Les lyc\u00e9es professionnels en chantier\u00a0: l&rsquo;exemple de Saint-Denis\u00a0 \/\u00a0 B. Michonneau\u00a0 27<\/p>\n<p>\u00ab\u00a0Innovez ! &#8230; Il en restera toujours quelque chose\u00a0\u00bb\u00a0 \/\u00a0 B. Cuinier\u00a0 37<\/p>\n<p>Les classes de 4<sup>e<\/sup> et 3<sup>e<\/sup> technologiques en Lyc\u00e9e Professionnel\u00a0:\u00a0banc d&rsquo;essai pour une r\u00e9novation du fran\u00e7ais\u00a0?\u00a0 \/\u00a0 G. Malaquin\u00a0 64<\/p>\n<p><img loading=\"lazy\" class=\"alignleft size-tokokooavatar wp-image-860\" src=\"http:\/\/www.revue-recherches.fr\/wp-content\/uploads\/2014\/06\/5-7.jpg\" alt=\"5-7\" width=\"30\" height=\"30\" \/>Courrier des lecteurs : la triste mort d&rsquo;un nouveau-n\u00e9 : le brevet des coll\u00e8ges\u00a0 74<\/p>\n<h3>\u00c9ditorial<\/h3>\n<blockquote>\n<p style=\"text-align: justify;\">Les lyc\u00e9es professionnels (ex CET, ex LEP) sont le lieu de profondes mutations : cr\u00e9ation des 4<sup>e<\/sup>\/3<sup>e<\/sup> technologiques, du baccalaur\u00e9at professionnel, dont les enjeux annonc\u00e9s sont de conduire \u00e0 l&rsquo;horizon 1990 80% d&rsquo;une classe d&rsquo;\u00e2ge vers le bac. N\u00e9cessit\u00e9 socio-\u00e9conomique en cette fin du XX<sup>e<\/sup> si\u00e8cle d&rsquo;accro\u00eetre le niveau de qualification. Mais ces bouleversements affectent en fait l&rsquo;ensemble du syst\u00e8me \u00e9ducatif et ils sont \u00e0 croiser avec le processus, engag\u00e9 en 1983, de r\u00e9novation des coll\u00e8ges et les transformations qui traversent les lyc\u00e9es classiques et techniques (classes de 2, projets de r\u00e9forme des baccalaur\u00e9ats), sous peine de perdre de vue leurs finalit\u00e9s. Mutations complexes qui laissent perplexes parfois : la r\u00e9daction de <em>Recherches<\/em> a voulu y regarder de plus pr\u00e8s, en faisant le pari que c&rsquo;est la diversit\u00e9 m\u00eame des opinions exprim\u00e9es qui peut contribuer \u00e0 la clarification des probl\u00e8mes pos\u00e9s. <a href=\"https:\/\/www.revue-recherches.fr\/wp-content\/uploads\/2017\/01\/R5-edito.pdf\" target=\"_blank\" rel=\"noopener noreferrer\">[&#8230;]<\/a><\/p>\n<\/blockquote>\n<p>&nbsp;<\/p>\n","protected":false},"excerpt":{"rendered":"<p>&nbsp; &nbsp; Ce num\u00e9ro peut \u00eatre int\u00e9gralement t\u00e9l\u00e9charg\u00e9. Sommaire Plong\u00e9e au c\u0153ur de l&rsquo;histoire\u00a0 \/\u00a0 J. Steinling-Henry\u00a0 3 Objet : le miracle p\u00e9dagogique de la seconde moiti\u00e9 du\u00a0XXe si\u00e8cle \/\u00a0 J. Steinling-Henry\u00a0\u00a0 15 Les lyc\u00e9es professionnels en chantier\u00a0: l&rsquo;exemple de Saint-Denis\u00a0 \/\u00a0 B. Michonneau\u00a0 27 \u00ab\u00a0Innovez ! &#8230; Il en restera toujours quelque chose\u00a0\u00bb\u00a0 \/\u00a0 &hellip; <a href=\"https:\/\/www.revue-recherches.fr\/?p=3061\" class=\"more-link\">Continuer la lecture de <span class=\"screen-reader-text\">N\u00b0 05 &#8211; TECHNIQUE ! TECHNOLOGIE\u00a0! TECHNOCRATIE\u00a0!<\/span> <span class=\"meta-nav\">&rarr;<\/span><\/a><\/p>\n","protected":false},"author":3,"featured_media":0,"comment_status":"closed","ping_status":"open","sticky":false,"template":"","format":"standard","meta":[],"categories":[1093,1081],"tags":[],"_links":{"self":[{"href":"https:\/\/www.revue-recherches.fr\/index.php?rest_route=\/wp\/v2\/posts\/3061"}],"collection":[{"href":"https:\/\/www.revue-recherches.fr\/index.php?rest_route=\/wp\/v2\/posts"}],"about":[{"href":"https:\/\/www.revue-recherches.fr\/index.php?rest_route=\/wp\/v2\/types\/post"}],"author":[{"embeddable":true,"href":"https:\/\/www.revue-recherches.fr\/index.php?rest_route=\/wp\/v2\/users\/3"}],"replies":[{"embeddable":true,"href":"https:\/\/www.revue-recherches.fr\/index.php?rest_route=%2Fwp%2Fv2%2Fcomments&post=3061"}],"version-history":[{"count":9,"href":"https:\/\/www.revue-recherches.fr\/index.php?rest_route=\/wp\/v2\/posts\/3061\/revisions"}],"predecessor-version":[{"id":8412,"href":"https:\/\/www.revue-recherches.fr\/index.php?rest_route=\/wp\/v2\/posts\/3061\/revisions\/8412"}],"wp:attachment":[{"href":"https:\/\/www.revue-recherches.fr\/index.php?rest_route=%2Fwp%2Fv2%2Fmedia&parent=3061"}],"wp:term":[{"taxonomy":"category","embeddable":true,"href":"https:\/\/www.revue-recherches.fr\/index.php?rest_route=%2Fwp%2Fv2%2Fcategories&post=3061"},{"taxonomy":"post_tag","embeddable":true,"href":"https:\/\/www.revue-recherches.fr\/index.php?rest_route=%2Fwp%2Fv2%2Ftags&post=3061"}],"curies":[{"name":"wp","href":"https:\/\/api.w.org\/{rel}","templated":true}]}}