{"id":3040,"date":"2014-06-14T10:22:01","date_gmt":"2014-06-14T08:22:01","guid":{"rendered":"http:\/\/www.revue-recherches.fr\/?p=3040"},"modified":"2023-01-02T15:47:08","modified_gmt":"2023-01-02T14:47:08","slug":"n-2-francais-bien-commun","status":"publish","type":"post","link":"https:\/\/www.revue-recherches.fr\/?p=3040","title":{"rendered":"N\u00b0 02 &#8211; FRAN\u00c7AIS BIEN COMMUN"},"content":{"rendered":"<p style=\"text-align: justify;\"><img loading=\"lazy\" class=\"alignright size-medium wp-image-1973\" src=\"http:\/\/www.revue-recherches.fr\/wp-content\/uploads\/2015\/08\/R02-300x427.jpg\" alt=\"\" width=\"300\" height=\"427\" srcset=\"https:\/\/www.revue-recherches.fr\/wp-content\/uploads\/2015\/08\/R02-300x427.jpg 300w, https:\/\/www.revue-recherches.fr\/wp-content\/uploads\/2015\/08\/R02-1024x1458.jpg 1024w, https:\/\/www.revue-recherches.fr\/wp-content\/uploads\/2015\/08\/R02.jpg 1203w\" sizes=\"(max-width: 300px) 100vw, 300px\" \/>Le fran\u00e7ais \u00ab\u00a0langue des cours\u00a0\u00bb&#8230; Chaque discipline manipule des contenus de savoirs \u00e0 travers des pratiques langagi\u00e8res qui devraient \u00eatre \u00e9claircies, interrog\u00e9es, radiographi\u00e9es.<\/p>\n<p>&nbsp;<\/p>\n<p>&nbsp;<\/p>\n<p>&nbsp;<\/p>\n<p style=\"text-align: justify;\">Ce num\u00e9ro peut \u00eatre <a href=\"https:\/\/www.revue-recherches.fr\/wp-content\/uploads\/2015\/08\/RECHERCHES-N%C2%B0-2-versionsite.pdf\" target=\"_blank\" rel=\"noopener noreferrer\">t\u00e9l\u00e9charg\u00e9 ici.<\/a><\/p>\n<h3>Sommaire<\/h3>\n<p>&nbsp;<\/p>\n<p>Fran\u00e7ais bien commun, \u00e9l\u00e9ments pour une probl\u00e9matique \/ I. Delcambre 3<\/p>\n<p>La lecture des consignes \/ M.-M. Cauterman &amp; B. Graczyk 12<\/p>\n<p>Le fran\u00e7ais bien commun : repr\u00e9sentations et attentes peu communes. O\u00f9 sont les malentendus ? \/ D. Brassart &amp; F. Darras 21<\/p>\n<p>\u00ab Un langage, des langages \u00bb. \u00c9tude d&rsquo;une double page de manuel d&rsquo;histoire \/ F. Darras, I. Delcambre &amp; R. Tiset 28<\/p>\n<p>Autour du fran\u00e7ais bien commun : vers une typologie d&rsquo;exercices \/ F. Darras 38<\/p>\n<p>Bibliographie 43<\/p>\n<h3>\u00c9ditorial<\/h3>\n<blockquote>\n<p style=\"text-align: justify;\">Ce num\u00e9ro est le fruit d\u2019une histoire exemplaire \u00e0 plus d\u2019un titre. Il y a deux ans, la R\u00e9gionale Nord de l\u2019AFEF d\u00e9cidait de proposer trois stages \u00e0 la Mission Acad\u00e9mique de Formation Continue. L\u2019un de ces trois stages (coproduit avec l\u2019\u00c9cole Normale de Lille), intitul\u00e9 \u00ab\u00a0Une langue, un langage, des langages\u00a0\u00bb permit de regrouper des professeurs de coll\u00e8ges de diff\u00e9rentes disciplines pour se confronter \u00e0 ce d\u00e9licat probl\u00e8me du fran\u00e7ais \u00ab\u00a0langue des cours\u00a0\u00bb. Ce stage \u00e9tait d\u2019autre part l\u2019issue logique d\u2019un travail de pr\u00e9paration effectu\u00e9 dans une commission de r\u00e9flexion issue de l\u2019assembl\u00e9e g\u00e9n\u00e9rale de septembre 1983 et r\u00e9unie r\u00e9guli\u00e8rement depuis. Ces r\u00e9flexions pr\u00e9alables, le v\u00e9cu du stage, et les nouvelles questions que ces deux exp\u00e9riences posaient \u00e0 notre groupe se devaient de fournir la mati\u00e8re de notre num\u00e9ro deux. <a href=\"https:\/\/www.revue-recherches.fr\/wp-content\/uploads\/2017\/01\/R2-edito.pdf\" target=\"_blank\" rel=\"noopener noreferrer\">[&#8230;]<\/a><\/p>\n<\/blockquote>\n<p>&nbsp;<\/p>\n","protected":false},"excerpt":{"rendered":"<p>Le fran\u00e7ais \u00ab\u00a0langue des cours\u00a0\u00bb&#8230; Chaque discipline manipule des contenus de savoirs \u00e0 travers des pratiques langagi\u00e8res qui devraient \u00eatre \u00e9claircies, interrog\u00e9es, radiographi\u00e9es. &nbsp; &nbsp; &nbsp; Ce num\u00e9ro peut \u00eatre t\u00e9l\u00e9charg\u00e9 ici. Sommaire &nbsp; Fran\u00e7ais bien commun, \u00e9l\u00e9ments pour une probl\u00e9matique \/ I. Delcambre 3 La lecture des consignes \/ M.-M. Cauterman &amp; B. Graczyk &hellip; <a href=\"https:\/\/www.revue-recherches.fr\/?p=3040\" class=\"more-link\">Continuer la lecture de <span class=\"screen-reader-text\">N\u00b0 02 &#8211; FRAN\u00c7AIS BIEN COMMUN<\/span> <span class=\"meta-nav\">&rarr;<\/span><\/a><\/p>\n","protected":false},"author":3,"featured_media":0,"comment_status":"closed","ping_status":"open","sticky":false,"template":"","format":"standard","meta":[],"categories":[1093,1081],"tags":[],"_links":{"self":[{"href":"https:\/\/www.revue-recherches.fr\/index.php?rest_route=\/wp\/v2\/posts\/3040"}],"collection":[{"href":"https:\/\/www.revue-recherches.fr\/index.php?rest_route=\/wp\/v2\/posts"}],"about":[{"href":"https:\/\/www.revue-recherches.fr\/index.php?rest_route=\/wp\/v2\/types\/post"}],"author":[{"embeddable":true,"href":"https:\/\/www.revue-recherches.fr\/index.php?rest_route=\/wp\/v2\/users\/3"}],"replies":[{"embeddable":true,"href":"https:\/\/www.revue-recherches.fr\/index.php?rest_route=%2Fwp%2Fv2%2Fcomments&post=3040"}],"version-history":[{"count":14,"href":"https:\/\/www.revue-recherches.fr\/index.php?rest_route=\/wp\/v2\/posts\/3040\/revisions"}],"predecessor-version":[{"id":8410,"href":"https:\/\/www.revue-recherches.fr\/index.php?rest_route=\/wp\/v2\/posts\/3040\/revisions\/8410"}],"wp:attachment":[{"href":"https:\/\/www.revue-recherches.fr\/index.php?rest_route=%2Fwp%2Fv2%2Fmedia&parent=3040"}],"wp:term":[{"taxonomy":"category","embeddable":true,"href":"https:\/\/www.revue-recherches.fr\/index.php?rest_route=%2Fwp%2Fv2%2Fcategories&post=3040"},{"taxonomy":"post_tag","embeddable":true,"href":"https:\/\/www.revue-recherches.fr\/index.php?rest_route=%2Fwp%2Fv2%2Ftags&post=3040"}],"curies":[{"name":"wp","href":"https:\/\/api.w.org\/{rel}","templated":true}]}}