{"id":3035,"date":"2014-06-14T10:21:42","date_gmt":"2014-06-14T08:21:42","guid":{"rendered":"http:\/\/www.revue-recherches.fr\/?p=3035"},"modified":"2023-01-02T15:46:30","modified_gmt":"2023-01-02T14:46:30","slug":"n-1-lire-ne-pas-lire","status":"publish","type":"post","link":"https:\/\/www.revue-recherches.fr\/?p=3035","title":{"rendered":"N\u00b0 01 &#8211;  LIRE \/ NE PAS LIRE"},"content":{"rendered":"<p style=\"text-align: justify;\"><img loading=\"lazy\" class=\"wp-image-7346 size-medium alignright\" src=\"http:\/\/www.revue-recherches.fr\/wp-content\/uploads\/2021\/01\/R01-1-300x420.jpg\" alt=\"\" width=\"300\" height=\"420\" srcset=\"https:\/\/www.revue-recherches.fr\/wp-content\/uploads\/2021\/01\/R01-1-300x420.jpg 300w, https:\/\/www.revue-recherches.fr\/wp-content\/uploads\/2021\/01\/R01-1-1024x1435.jpg 1024w, https:\/\/www.revue-recherches.fr\/wp-content\/uploads\/2021\/01\/R01-1-1096x1536.jpg 1096w, https:\/\/www.revue-recherches.fr\/wp-content\/uploads\/2021\/01\/R01-1.jpg 1219w\" sizes=\"(max-width: 300px) 100vw, 300px\" \/>Une ann\u00e9e vient de s\u2019\u00e9couler sans que paraisse \u00ab Le Bulletin de Liaison et d\u2019Information de la R\u00e9gionale de l\u2019AFEF Nord\u2013Pas-de-Calais \u00bb. Ce bulletin, mal imprim\u00e9, aux articles fort disparates, laissait insatisfait ; il avait le seul m\u00e9rite d\u2019exister&#8230; Aussi, apr\u00e8s un an de repos \u2013 ou de travail : tout d\u00e9pend du point de vue selon lequel on envisage la chose \u2013 le bureau de la r\u00e9gionale AFEF propose une autre formule.<br \/>\nIl avance un titre ambitieux : \u00ab\u00a0Recherches\u00a0\u00bb, s\u2019engage \u00e0 faire paraitre deux num\u00e9ros par an, en essayant de cibler pour chaque parution un champ sp\u00e9cifique ; il esp\u00e8re qu\u2019un dialogue s\u2019engagera entre les auteurs des articles et les lecteurs, et qu\u2019ainsi les lecteurs deviendront auteurs.<\/p>\n<p style=\"text-align: justify;\">Ce num\u00e9ro peut \u00eatre enti\u00e8rement<a href=\"https:\/\/www.revue-recherches.fr\/wp-content\/uploads\/2014\/06\/R1_site.pdf\" target=\"_blank\" rel=\"noopener noreferrer\"> t\u00e9l\u00e9charg\u00e9<\/a>.<\/p>\n<h3 style=\"text-align: justify;\">Sommaire<\/h3>\n<p>&nbsp;<\/p>\n<p>Des mutations<\/p>\n<p>Num\u00e9ro 1 de <em>Recherches <\/em>: la lecture \/ F. Darras 2<\/p>\n<p>Lire en \u00ab 1984 \u00bb \/ B. Cuinier 4<\/p>\n<p>L\u2019effet Foucambert ? \/ D. Brassart 15<\/p>\n<p>Quelques exercices au cycle moyen \/ J.-J. Degiovanni 27<\/p>\n<p>Bibliographie comment\u00e9e sur la lecture \/ F. Darras 35<\/p>\n<h3>\u00c9ditorial<\/h3>\n<blockquote>\n<p style=\"text-align: justify;\">De la maternelle au baccalaur\u00e9at, la rencontre de l\u2019apprenant avec l\u2019\u00e9crit interpelle l\u2019enseignant\u00a0: \u00ab\u00a0Avec mon cours pr\u00e9paratoire, je ne m\u2019y retrouve plus.\u00a0\u00bb\u00a0; \u00ab\u00a0En sixi\u00e8me, ils ne savent m\u00eame plus d\u00e9chiffrer\u00a0\u00bb\u00a0; \u00ab\u00a0Ils nous arrivent au lyc\u00e9e, ils ne lisent pas, ils n\u2019aiment pas lire.\u00a0\u00bb&#8230; Et les coll\u00e8gues des autres disciplines \u2013 dans le secondaire \u2013 se retournent, accusateurs, vers le professeur de fran\u00e7ais. La lecture , le rapport \u00e0 l\u2019\u00e9crit, aux livres, va mal en France, comme en t\u00e9moigne le r\u00e9cent rapport sur l\u2019illettrisme.<a href=\"https:\/\/www.revue-recherches.fr\/wp-content\/uploads\/2017\/01\/R1-edito.pdf\" target=\"_blank\" rel=\"noopener noreferrer\"> [&#8230;]<\/a><\/p>\n<\/blockquote>\n","protected":false},"excerpt":{"rendered":"<p>Une ann\u00e9e vient de s\u2019\u00e9couler sans que paraisse \u00ab Le Bulletin de Liaison et d\u2019Information de la R\u00e9gionale de l\u2019AFEF Nord\u2013Pas-de-Calais \u00bb. Ce bulletin, mal imprim\u00e9, aux articles fort disparates, laissait insatisfait ; il avait le seul m\u00e9rite d\u2019exister&#8230; Aussi, apr\u00e8s un an de repos \u2013 ou de travail : tout d\u00e9pend du point de &hellip; <a href=\"https:\/\/www.revue-recherches.fr\/?p=3035\" class=\"more-link\">Continuer la lecture de <span class=\"screen-reader-text\">N\u00b0 01 &#8211;  LIRE \/ NE PAS LIRE<\/span> <span class=\"meta-nav\">&rarr;<\/span><\/a><\/p>\n","protected":false},"author":3,"featured_media":0,"comment_status":"closed","ping_status":"open","sticky":false,"template":"","format":"standard","meta":[],"categories":[1093,1081],"tags":[],"_links":{"self":[{"href":"https:\/\/www.revue-recherches.fr\/index.php?rest_route=\/wp\/v2\/posts\/3035"}],"collection":[{"href":"https:\/\/www.revue-recherches.fr\/index.php?rest_route=\/wp\/v2\/posts"}],"about":[{"href":"https:\/\/www.revue-recherches.fr\/index.php?rest_route=\/wp\/v2\/types\/post"}],"author":[{"embeddable":true,"href":"https:\/\/www.revue-recherches.fr\/index.php?rest_route=\/wp\/v2\/users\/3"}],"replies":[{"embeddable":true,"href":"https:\/\/www.revue-recherches.fr\/index.php?rest_route=%2Fwp%2Fv2%2Fcomments&post=3035"}],"version-history":[{"count":10,"href":"https:\/\/www.revue-recherches.fr\/index.php?rest_route=\/wp\/v2\/posts\/3035\/revisions"}],"predecessor-version":[{"id":8409,"href":"https:\/\/www.revue-recherches.fr\/index.php?rest_route=\/wp\/v2\/posts\/3035\/revisions\/8409"}],"wp:attachment":[{"href":"https:\/\/www.revue-recherches.fr\/index.php?rest_route=%2Fwp%2Fv2%2Fmedia&parent=3035"}],"wp:term":[{"taxonomy":"category","embeddable":true,"href":"https:\/\/www.revue-recherches.fr\/index.php?rest_route=%2Fwp%2Fv2%2Fcategories&post=3035"},{"taxonomy":"post_tag","embeddable":true,"href":"https:\/\/www.revue-recherches.fr\/index.php?rest_route=%2Fwp%2Fv2%2Ftags&post=3035"}],"curies":[{"name":"wp","href":"https:\/\/api.w.org\/{rel}","templated":true}]}}