{"id":3018,"date":"2014-06-15T12:35:53","date_gmt":"2014-06-15T10:35:53","guid":{"rendered":"http:\/\/www.revue-recherches.fr\/?p=3018"},"modified":"2023-01-02T17:53:13","modified_gmt":"2023-01-02T16:53:13","slug":"n-52-programmes-programmations","status":"publish","type":"post","link":"https:\/\/www.revue-recherches.fr\/?p=3018","title":{"rendered":"N\u00b0 52 &#8211; PROGRAMMES, PROGRAMMATIONS"},"content":{"rendered":"<p style=\"text-align: justify;\"><img loading=\"lazy\" class=\"alignright size-medium wp-image-451\" src=\"http:\/\/www.revue-recherches.fr\/wp-content\/uploads\/2014\/06\/R52-300x444.jpg\" alt=\"\" width=\"300\" height=\"444\" srcset=\"https:\/\/www.revue-recherches.fr\/wp-content\/uploads\/2014\/06\/R52-300x444.jpg 300w, https:\/\/www.revue-recherches.fr\/wp-content\/uploads\/2014\/06\/R52.jpg 675w\" sizes=\"(max-width: 300px) 100vw, 300px\" \/>\u00c0 l\u2019origine de ce num\u00e9ro, \u00e9tait pos\u00e9e une triple interrogation\u00a0autour des programmes : comment les enseignants de fran\u00e7ais s\u2019approprient-ils les programmes pour mettre en \u0153uvre des processus d\u2019apprentissages\u00a0au sein de la classe ? Cette coh\u00e9rence a-t-elle du sens pour les \u00e9l\u00e8ves\u00a0? Quels programmes l\u2019Institution propose-t-elle dans le cadre des nouvelles r\u00e9formes tous degr\u00e9s confondus ? \u00c0 l\u2019arriv\u00e9e, la r\u00e9daction livre un passage en revue m\u00e9thodique et analys\u00e9 de tous les dispositifs qui renvoient la construction de comp\u00e9tences mal d\u00e9finies \u00e0 l\u2019ext\u00e9rieur de la classe et de la discipline (\u00e0 travers 18 fiches qui pr\u00e9sentent et commentent les dispositifs en vigueur). Elle interroge la mani\u00e8re dont ce morcellement, id\u00e9ologiquement pens\u00e9, justifi\u00e9 et programm\u00e9, met \u00e0 mal les approches didactiques et p\u00e9dagogiques de la construction des savoirs et savoir-faire. Sans, pour autant, renoncer \u00e0 des propositions de dispositifs d\u2019apprentissage, au coll\u00e8ge et au lyc\u00e9e.<\/p>\n<p style=\"text-align: left;\">Le num\u00e9ro est disponible<a href=\"https:\/\/www.septentrion.com\/fr\/livre\/?GCOI=27574100139410\" target=\"_blank\" rel=\"noopener\"> aux Presses du Septentrion<\/a>.<\/p>\n<p style=\"text-align: left;\">Les articles sont t\u00e9l\u00e9chargeables sur cette page.<\/p>\n<h3>Sommaire<\/h3>\n<p><a href=\"https:\/\/www.revue-recherches.fr\/wp-content\/uploads\/2014\/06\/009-023-Cauterman-Daunay.pdf\" target=\"_blank\" rel=\"noopener\"><img loading=\"lazy\" class=\"alignleft size-full wp-image-1324\" src=\"http:\/\/www.revue-recherches.fr\/wp-content\/uploads\/2014\/06\/52-1.jpg\" alt=\"52-1\" width=\"30\" height=\"30\" \/> La jungle des dispositifs<\/a>\u00a0 \/\u00a0 M.-M. Cauterman, B. Daunay 9<\/p>\n<hr \/>\n<p><a href=\"https:\/\/www.revue-recherches.fr\/wp-content\/uploads\/2014\/06\/025-063-R\u00e9daction-fiches.pdf\" target=\"_blank\" rel=\"noopener\"><img loading=\"lazy\" class=\"alignleft size-tokokooavatar wp-image-1325\" src=\"http:\/\/www.revue-recherches.fr\/wp-content\/uploads\/2014\/06\/52-2.jpg\" alt=\"52-2\" width=\"30\" height=\"30\" \/>La jungle en fiches<\/a>\u00a0 \/\u00a0 La r\u00e9daction de <i>Recherches<\/i> 25<\/p>\n<hr \/>\n<p><a href=\"https:\/\/www.revue-recherches.fr\/wp-content\/uploads\/2014\/06\/065-068-Darras.pdf\" target=\"_blank\" rel=\"noopener\"><img loading=\"lazy\" class=\"alignleft size-tokokooavatar wp-image-1326\" src=\"http:\/\/www.revue-recherches.fr\/wp-content\/uploads\/2014\/06\/52-3.jpg\" alt=\"52-3\" width=\"30\" height=\"30\" \/>Programme, progression\u00a0: la table des mati\u00e8res d\u2019un manuel<\/a>\u00a0 \/\u00a0 F. Darras 65<\/p>\n<hr \/>\n<p><a href=\"https:\/\/www.revue-recherches.fr\/wp-content\/uploads\/2014\/06\/069-094-Mercier.pdf\" target=\"_blank\" rel=\"noopener\">Q<img loading=\"lazy\" class=\"alignleft size-tokokooavatar wp-image-1327\" src=\"http:\/\/www.revue-recherches.fr\/wp-content\/uploads\/2014\/06\/52-4.jpg\" alt=\"52-4\" width=\"30\" height=\"30\" \/>uand les \u00e9l\u00e8ves de lyc\u00e9e r\u00e9fl\u00e9chissent au programme\u2026\u00a0<\/a> \/\u00a0 C. Mercier 69<\/p>\n<hr \/>\n<p><a href=\"https:\/\/www.revue-recherches.fr\/wp-content\/uploads\/2014\/06\/095-113-Denizot.pdf\" target=\"_blank\" rel=\"noopener\"><img loading=\"lazy\" class=\"alignleft size-tokokooavatar wp-image-1328\" src=\"http:\/\/www.revue-recherches.fr\/wp-content\/uploads\/2014\/06\/52-5.jpg\" alt=\"52-5\" width=\"30\" height=\"30\" \/>Le \u00ab\u00a0descriptif\u00a0\u00bb\u00a0de fran\u00e7ais\u00a0<\/a> \/\u00a0 N. Denizot 95<\/p>\n<hr \/>\n<p><a href=\"https:\/\/www.revue-recherches.fr\/wp-content\/uploads\/2014\/06\/115-125-Charlet.pdf\" target=\"_blank\" rel=\"noopener\"><img loading=\"lazy\" class=\"alignleft size-tokokooavatar wp-image-1330\" src=\"http:\/\/www.revue-recherches.fr\/wp-content\/uploads\/2014\/06\/52-7.jpg\" alt=\"52-7\" width=\"30\" height=\"30\" \/>Programmer les TICE en Fran\u00e7ais\u00a0: de l\u2019utopie p\u00e9dagogique au r\u00e9el de la classe<\/a>\u00a0 \/\u00a0 C. Charlet 115<\/p>\n<hr \/>\n<p><a href=\"https:\/\/www.revue-recherches.fr\/wp-content\/uploads\/2014\/06\/127-140-Beauvois.pdf\" target=\"_blank\" rel=\"noopener\"><img loading=\"lazy\" class=\"alignleft size-tokokooavatar wp-image-1329\" src=\"http:\/\/www.revue-recherches.fr\/wp-content\/uploads\/2014\/06\/52-6.jpg\" alt=\"52-6\" width=\"30\" height=\"30\" \/>Hors programme<\/a>\u00a0 \/\u00a0 M. Beauvois 127<\/p>\n<hr \/>\n<p><a href=\"https:\/\/www.revue-recherches.fr\/wp-content\/uploads\/2014\/06\/141-152-Dziombowski-Michieletto.pdf\" target=\"_blank\" rel=\"noopener\">U<img loading=\"lazy\" class=\"alignleft size-tokokooavatar wp-image-1332\" src=\"http:\/\/www.revue-recherches.fr\/wp-content\/uploads\/2014\/06\/52-9.jpg\" alt=\"52-9\" width=\"30\" height=\"30\" \/>ne ann\u00e9e, deux professeures de fran\u00e7ais<\/a>\u00a0 \/\u00a0 S. Dziombowski, S. Michieletto 141<\/p>\n<hr \/>\n<p><a href=\"https:\/\/www.revue-recherches.fr\/wp-content\/uploads\/2014\/06\/153-160-Heems.pdf\" target=\"_blank\" rel=\"noopener\"><img loading=\"lazy\" class=\"alignleft size-tokokooavatar wp-image-1333\" src=\"http:\/\/www.revue-recherches.fr\/wp-content\/uploads\/2014\/06\/52-10.jpg\" alt=\"52-10\" width=\"30\" height=\"30\" \/>Projet de r\u00e9ussite programm\u00e9e<\/a>\u00a0 \/\u00a0 P. Heems 153<\/p>\n<hr \/>\n<p><a href=\"https:\/\/www.revue-recherches.fr\/wp-content\/uploads\/2014\/06\/161-192-Nonnon.pdf\" target=\"_blank\" rel=\"noopener\">O<img loading=\"lazy\" class=\"alignleft size-full wp-image-1334\" src=\"http:\/\/www.revue-recherches.fr\/wp-content\/uploads\/2014\/06\/52-11.jpg\" alt=\"52-11\" width=\"30\" height=\"30\" \/>rdre de l\u2019homog\u00e8ne et coh\u00e9rences dans la diversit\u00e9<\/a>\u00a0 \/\u00a0 \u00c9. Nonnon \u00a0161<\/p>\n<hr \/>\n<p><img loading=\"lazy\" class=\"alignleft wp-image-1329 size-full\" src=\"http:\/\/www.revue-recherches.fr\/wp-content\/uploads\/2014\/06\/52-6.jpg\" alt=\"52-6\" width=\"30\" height=\"30\" \/><a href=\"https:\/\/www.revue-recherches.fr\/wp-content\/uploads\/2014\/06\/193-207-Vlieghe.pdf\" target=\"_blank\" rel=\"noopener\">Des nouvelles du livre pour la jeunesse : T\u00e9l\u00e9vision, jeux t\u00e9l\u00e9vis\u00e9s et t\u00e9l\u00e9r\u00e9alit\u00e9<\/a>\u00a0 \/\u00a0 \u00c9. Vlieghe \u00a0193<\/p>\n<h2>\u00c9ditorial<\/h2>\n<blockquote>\n<p style=\"text-align: justify;\">Au commencement, cela avait pris l\u2019allure d\u2019un num\u00e9ro sans histoires\u00a0: il s\u2019agissait de construire une probl\u00e9matique sur le travail <i>en amont <\/i>de la classe de fran\u00e7ais, c\u2019est-\u00e0-dire le travail fait par l\u2019enseignant pour la conception et la planification de ses contenus et objectifs, avec ses choix didactiques et p\u00e9dagogiques, ses prises de d\u00e9cision dans la r\u00e9partition et la gestion du temps. Le questionnement portait sur l\u2019ajustement entre programmes, programmations, progressions, et son inscription dans la dynamique d\u2019une classe et de ses \u00e9l\u00e8ves. Au centre, \u00e9tait l\u2019interrogation sur les points de rupture ou au contraire les ponts \u00e9ventuels entre le sens mis \u00e0 cette coh\u00e9rence, d\u2019un c\u00f4t\u00e9 par l\u2019expert (l\u2019enseignant), et de l\u2019autre par l\u2019apprenti (l\u2019\u00e9l\u00e8ve). Une probl\u00e9matique somme toute conforme \u00e0 la ligne \u00e9ditoriale de <i>Recherches. <\/i><a href=\"https:\/\/www.revue-recherches.fr\/wp-content\/uploads\/2014\/06\/005-007_editorial.pdf\" target=\"_blank\" rel=\"noopener\">[&#8230;]<\/a><\/p>\n<\/blockquote>\n<p>&nbsp;<\/p>\n<p>&nbsp;<\/p>\n","protected":false},"excerpt":{"rendered":"<p>\u00c0 l\u2019origine de ce num\u00e9ro, \u00e9tait pos\u00e9e une triple interrogation\u00a0autour des programmes : comment les enseignants de fran\u00e7ais s\u2019approprient-ils les programmes pour mettre en \u0153uvre des processus d\u2019apprentissages\u00a0au sein de la classe ? Cette coh\u00e9rence a-t-elle du sens pour les \u00e9l\u00e8ves\u00a0? Quels programmes l\u2019Institution propose-t-elle dans le cadre des nouvelles r\u00e9formes tous degr\u00e9s confondus ? &hellip; <a href=\"https:\/\/www.revue-recherches.fr\/?p=3018\" class=\"more-link\">Continuer la lecture de <span class=\"screen-reader-text\">N\u00b0 52 &#8211; PROGRAMMES, PROGRAMMATIONS<\/span> <span class=\"meta-nav\">&rarr;<\/span><\/a><\/p>\n","protected":false},"author":3,"featured_media":0,"comment_status":"closed","ping_status":"open","sticky":false,"template":"","format":"standard","meta":[],"categories":[1093,1081],"tags":[],"_links":{"self":[{"href":"https:\/\/www.revue-recherches.fr\/index.php?rest_route=\/wp\/v2\/posts\/3018"}],"collection":[{"href":"https:\/\/www.revue-recherches.fr\/index.php?rest_route=\/wp\/v2\/posts"}],"about":[{"href":"https:\/\/www.revue-recherches.fr\/index.php?rest_route=\/wp\/v2\/types\/post"}],"author":[{"embeddable":true,"href":"https:\/\/www.revue-recherches.fr\/index.php?rest_route=\/wp\/v2\/users\/3"}],"replies":[{"embeddable":true,"href":"https:\/\/www.revue-recherches.fr\/index.php?rest_route=%2Fwp%2Fv2%2Fcomments&post=3018"}],"version-history":[{"count":12,"href":"https:\/\/www.revue-recherches.fr\/index.php?rest_route=\/wp\/v2\/posts\/3018\/revisions"}],"predecessor-version":[{"id":8449,"href":"https:\/\/www.revue-recherches.fr\/index.php?rest_route=\/wp\/v2\/posts\/3018\/revisions\/8449"}],"wp:attachment":[{"href":"https:\/\/www.revue-recherches.fr\/index.php?rest_route=%2Fwp%2Fv2%2Fmedia&parent=3018"}],"wp:term":[{"taxonomy":"category","embeddable":true,"href":"https:\/\/www.revue-recherches.fr\/index.php?rest_route=%2Fwp%2Fv2%2Fcategories&post=3018"},{"taxonomy":"post_tag","embeddable":true,"href":"https:\/\/www.revue-recherches.fr\/index.php?rest_route=%2Fwp%2Fv2%2Ftags&post=3018"}],"curies":[{"name":"wp","href":"https:\/\/api.w.org\/{rel}","templated":true}]}}