{"id":2959,"date":"2014-06-14T12:14:33","date_gmt":"2014-06-14T10:14:33","guid":{"rendered":"http:\/\/www.revue-recherches.fr\/?p=2959"},"modified":"2023-01-24T16:20:42","modified_gmt":"2023-01-24T15:20:42","slug":"n-27-dispositifs-dapprentissage","status":"publish","type":"post","link":"https:\/\/www.revue-recherches.fr\/?p=2959","title":{"rendered":"N\u00b0 27 &#8211; DISPOSITIFS D&rsquo;APPRENTISSAGE"},"content":{"rendered":"<p style=\"text-align: justify;\"><img loading=\"lazy\" class=\"alignright size-medium wp-image-528\" src=\"http:\/\/www.revue-recherches.fr\/wp-content\/uploads\/2014\/06\/R27-300x453.jpg\" alt=\"\" width=\"300\" height=\"453\" srcset=\"https:\/\/www.revue-recherches.fr\/wp-content\/uploads\/2014\/06\/R27-300x454.jpg 300w, https:\/\/www.revue-recherches.fr\/wp-content\/uploads\/2014\/06\/R27.jpg 914w\" sizes=\"(max-width: 300px) 100vw, 300px\" \/>Le d\u00e9tail de la gestion de la classe. Faire classe, c\u2019est d\u2019abord se demander ce qu\u2019auront effectivement \u00e0 faire les \u00e9l\u00e8ves, d\u00e9cider des moyens, des dispositions (mat\u00e9rielles, spatiales, temporelles), des groupements qui faciliteront les apprentissages. Comment mettre les \u00e9l\u00e8ves au travail ? Quelles consignes leur donner ? Comment enseigner avec des copies ? Comment faire r\u00e9fl\u00e9chir sur le travail, l\u2019\u00e9cole, le travail en groupes, l\u2019\u00e9criture ? Des analyses et des propositions didactiques.<\/p>\n<p style=\"text-align: justify;\">Les articles sont t\u00e9l\u00e9chargeables sur cette page.<\/p>\n<h3>Sommaire<\/h3>\n<p><a href=\"https:\/\/www.revue-recherches.fr\/wp-content\/uploads\/2015\/08\/7_Suffys_R27.pdf\" target=\"_blank\" rel=\"noopener\">Des dispositifs introuvables pour d&rsquo;impossibles gestions<\/a> \/ S. Suffys 7<\/p>\n<hr \/>\n<p><a href=\"https:\/\/www.revue-recherches.fr\/wp-content\/uploads\/2015\/08\/33_Feliers_R27.pdf\" target=\"_blank\" rel=\"noopener\">Apprendre, oui mais dans quelles conditions ?<\/a> \/ C. F\u00e9liers 33<\/p>\n<hr \/>\n<p><a href=\"https:\/\/www.revue-recherches.fr\/wp-content\/uploads\/2015\/08\/55_Polome_R27.pdf\" target=\"_blank\" rel=\"noopener\">Enseigner : une exp\u00e9rience de la pr\u00e9carit\u00e9<\/a> \/ S. Polom\u00e9 55<\/p>\n<hr \/>\n<p><a href=\"https:\/\/www.revue-recherches.fr\/wp-content\/uploads\/2015\/08\/59_DarrasVanseveren_R27.pdf\" target=\"_blank\" rel=\"noopener\">Quelques dispostifs (principes) pour cr\u00e9er un espace d&rsquo;enseignement<\/a> \/ F. Darras, M.-P. Vanseveren 59<\/p>\n<hr \/>\n<p><a href=\"https:\/\/www.revue-recherches.fr\/wp-content\/uploads\/2015\/08\/67_Cauterman_R27.pdf\" target=\"_blank\" rel=\"noopener\">Travail de groupe, interactions, apprentissages<\/a> \/ M.-M. Cauterman 67<\/p>\n<hr \/>\n<p><a href=\"https:\/\/www.revue-recherches.fr\/wp-content\/uploads\/2015\/08\/81_Polome_R27.pdf\" target=\"_blank\" rel=\"noopener\">Le travail en groupe ou comment d\u00e9passer quelques conceptions na\u00efves<\/a> \/ F. Polom\u00e9 81<\/p>\n<hr \/>\n<p><a href=\"https:\/\/www.revue-recherches.fr\/wp-content\/uploads\/2015\/08\/85_Nonnon_R27.pdf\" target=\"_blank\" rel=\"noopener\">Grandeurs et mis\u00e8res des modes d&#8217;emploi pour l&rsquo;abstraction. (Quelques interrogations \u00e0 partir de <em>L&rsquo;Apprentissage de l&rsquo;abstraction<\/em> de B.-M. Barth)<\/a> \/ \u00c9. Nonnon 85<\/p>\n<hr \/>\n<p><a href=\"https:\/\/www.revue-recherches.fr\/wp-content\/uploads\/2015\/08\/115_CautermanDelcambre_R27.pdf\" target=\"_blank\" rel=\"noopener\">Pour des consignes floues<\/a> \/ M.-M. Cauterman, I. Delcambre 115<\/p>\n<hr \/>\n<p><a href=\"https:\/\/www.revue-recherches.fr\/wp-content\/uploads\/2015\/08\/131_CampsRibasGuasch_Milian_R27.pdf\" target=\"_blank\" rel=\"noopener\">Dialogue d&rsquo;\u00e9l\u00e8ves et production textuelle. Activit\u00e9 m\u00e9talinguistique pendant le processus de production d&rsquo;un texte argumentatif<\/a> \/ A. Camps, T. Ribas, O. Guasch, M. Milian 133<\/p>\n<hr \/>\n<p><a href=\"https:\/\/www.revue-recherches.fr\/wp-content\/uploads\/2018\/03\/157_Turco_R27_versionsite.pdf\" target=\"_blank\" rel=\"noopener\">\u00c9crits sociaux de r\u00e9f\u00e9rence et interaction<\/a> \/ G. Turco 157<\/p>\n<hr \/>\n<p><a href=\"https:\/\/www.revue-recherches.fr\/wp-content\/uploads\/2016\/08\/173_Calonne_R27_version-site-1.pdf\" target=\"_blank\" rel=\"noopener\">BEP : quelques dispositifs d&rsquo;aide \u00e0 l&rsquo;\u00e9criture<\/a> \/ M. Calonne 173<\/p>\n<hr \/>\n<p><a href=\"https:\/\/www.revue-recherches.fr\/wp-content\/uploads\/2015\/08\/187_Raffier_R27.pdf\" target=\"_blank\" rel=\"noopener\">Dispositifs autour d&rsquo;un document simple: la copie d&rsquo;\u00e9l\u00e8ve<\/a> \/ S. Raffier 187<\/p>\n<hr \/>\n<p><a href=\"https:\/\/www.revue-recherches.fr\/wp-content\/uploads\/2014\/06\/193_DenizotMercier_R27_version-site.pdf\" target=\"_blank\" rel=\"noopener\">Lectures m\u00e9thodiques et dispositifs de travail<\/a> \/ N. Denizot, C. Mercier 193<\/p>\n<hr \/>\n<p><a href=\"https:\/\/www.revue-recherches.fr\/wp-content\/uploads\/2015\/08\/217_Sanguinette_R27.pdf\" target=\"_blank\" rel=\"noopener\">Apprendre \u00e0 conter pour apprendre \u00e0 lire<\/a> \/ V. Sanguinette, L. Usai 217<\/p>\n<hr \/>\n<p><a href=\"https:\/\/www.revue-recherches.fr\/wp-content\/uploads\/2015\/08\/223_Daunay_R27.pdf\" target=\"_blank\" rel=\"noopener\">La dict\u00e9e \u00e0 l&rsquo;enseignant : un dispositif efficace de la maternelle \u00e0 l&rsquo;universit\u00e9 ?<\/a> \/ B. Daunay 223<\/p>\n<hr \/>\n<p><a href=\"https:\/\/www.revue-recherches.fr\/wp-content\/uploads\/2015\/08\/241_LaRedaction_R27.pdf\" target=\"_blank\" rel=\"noopener\">Dispositifs d&rsquo;\u00e9valuation au brevet des coll\u00e8ges<\/a> \/ La r\u00e9daction 241<\/p>\n<hr \/>\n<p><a href=\"https:\/\/www.revue-recherches.fr\/wp-content\/uploads\/2015\/08\/245_Vlieghe_R27.pdf\" target=\"_blank\" rel=\"noopener\">Des nouvelles du livre pour la jeunesse : narrateurs non humains <\/a>\/ \u00c9. Vlieghe 245<\/p>\n<h3>\u00c9ditorial<\/h3>\n<blockquote><p>Un contenu d\u2019enseignement, m\u00eame r\u00e9nov\u00e9, ne suffit pas pour faire classe\u00a0; un exercice, m\u00eame d\u2019allure dite novatrice, ne suffit pas non plus pour faire classe\u00a0; pas plus que le fait d\u2019avoir enfin corrig\u00e9 un paquet de copies, ou d\u2019avoir trouv\u00e9 un support d\u2019allure jug\u00e9e s\u00e9duisante. Faire classe, c\u2019est d\u2019abord se demander ce qu\u2019auront effectivement \u00e0 faire les \u00e9l\u00e8ves pendant cette heure-l\u00e0, d\u00e9cider des moyens, des dispositions (mat\u00e9rielles, spatiales, temporelles) qui leur permettront de r\u00e9aliser au mieux ou au moins mal ce qu\u2019ils auront \u00e0 faire pour s\u2019approprier tel ou tel savoir. C\u2019est aussi se demander comment faire pour que les \u00e9l\u00e8ves aient la possibilit\u00e9 de mettre du sens \u00e0 ce qu\u2019ils ont \u00e0 faire, \u00e0 apprendre.<br \/>\nTel est l\u2019enjeu de ce num\u00e9ro de RECHERCHES centr\u00e9 non pas sur ce qu\u2019on fait en classe de fran\u00e7ais, mais sur comment on fait en classe de fran\u00e7ais\u00a0: comment on y enseigne, comment on y apprend, comment on s\u2019y installe, comment on s\u2019y pose. <a href=\"https:\/\/www.revue-recherches.fr\/wp-content\/uploads\/2015\/08\/5_Edito_R27.pdf\" target=\"_blank\" rel=\"noopener\">[\u2026]<\/a><\/p><\/blockquote>\n","protected":false},"excerpt":{"rendered":"<p>Le d\u00e9tail de la gestion de la classe. Faire classe, c\u2019est d\u2019abord se demander ce qu\u2019auront effectivement \u00e0 faire les \u00e9l\u00e8ves, d\u00e9cider des moyens, des dispositions (mat\u00e9rielles, spatiales, temporelles), des groupements qui faciliteront les apprentissages. Comment mettre les \u00e9l\u00e8ves au travail ? Quelles consignes leur donner ? Comment enseigner avec des copies ? Comment faire &hellip; <a href=\"https:\/\/www.revue-recherches.fr\/?p=2959\" class=\"more-link\">Continuer la lecture de <span class=\"screen-reader-text\">N\u00b0 27 &#8211; DISPOSITIFS D&rsquo;APPRENTISSAGE<\/span> <span class=\"meta-nav\">&rarr;<\/span><\/a><\/p>\n","protected":false},"author":3,"featured_media":0,"comment_status":"closed","ping_status":"open","sticky":false,"template":"","format":"standard","meta":[],"categories":[1093,1081],"tags":[],"_links":{"self":[{"href":"https:\/\/www.revue-recherches.fr\/index.php?rest_route=\/wp\/v2\/posts\/2959"}],"collection":[{"href":"https:\/\/www.revue-recherches.fr\/index.php?rest_route=\/wp\/v2\/posts"}],"about":[{"href":"https:\/\/www.revue-recherches.fr\/index.php?rest_route=\/wp\/v2\/types\/post"}],"author":[{"embeddable":true,"href":"https:\/\/www.revue-recherches.fr\/index.php?rest_route=\/wp\/v2\/users\/3"}],"replies":[{"embeddable":true,"href":"https:\/\/www.revue-recherches.fr\/index.php?rest_route=%2Fwp%2Fv2%2Fcomments&post=2959"}],"version-history":[{"count":9,"href":"https:\/\/www.revue-recherches.fr\/index.php?rest_route=\/wp\/v2\/posts\/2959\/revisions"}],"predecessor-version":[{"id":8517,"href":"https:\/\/www.revue-recherches.fr\/index.php?rest_route=\/wp\/v2\/posts\/2959\/revisions\/8517"}],"wp:attachment":[{"href":"https:\/\/www.revue-recherches.fr\/index.php?rest_route=%2Fwp%2Fv2%2Fmedia&parent=2959"}],"wp:term":[{"taxonomy":"category","embeddable":true,"href":"https:\/\/www.revue-recherches.fr\/index.php?rest_route=%2Fwp%2Fv2%2Fcategories&post=2959"},{"taxonomy":"post_tag","embeddable":true,"href":"https:\/\/www.revue-recherches.fr\/index.php?rest_route=%2Fwp%2Fv2%2Ftags&post=2959"}],"curies":[{"name":"wp","href":"https:\/\/api.w.org\/{rel}","templated":true}]}}