{"id":2950,"date":"2014-06-22T13:48:37","date_gmt":"2014-06-22T11:48:37","guid":{"rendered":"http:\/\/www.revue-recherches.fr\/?p=2950"},"modified":"2023-01-02T17:17:23","modified_gmt":"2023-01-02T16:17:23","slug":"n-60-outils","status":"publish","type":"post","link":"https:\/\/www.revue-recherches.fr\/?p=2950","title":{"rendered":"N\u00b0 60 &#8211; OUTILS"},"content":{"rendered":"<p style=\"text-align: justify;\"><img loading=\"lazy\" class=\"alignright size-medium wp-image-481\" src=\"http:\/\/www.revue-recherches.fr\/wp-content\/uploads\/2014\/06\/R60-300x452.jpg\" alt=\"\" width=\"300\" height=\"452\" \/>R\u00e9volution num\u00e9rique oblige, la notion d\u2019outil est souvent associ\u00e9e aux outils informatiques, TBI, Web social, plateformes d\u2019enseignement \u00e0 distance etc. Mais, du crayon au manuel, ce num\u00e9ro de Recherches s\u2019int\u00e9resse aussi aux outils traditionnels et aux outils conceptuels propres \u00e0 l\u2019enseignement du fran\u00e7ais. Il interroge les interactions enseignants\/outils\/\u00e9l\u00e8ves \u00e0 tous les niveaux de la scolarit\u00e9, de l\u2019\u00e9cole \u00e0 l\u2019Universit\u00e9. Il s\u2019agit notamment de se demander en quoi les besoins didactiques am\u00e8nent \u00e0 privil\u00e9gier tel ou tel outil, et pour quels usages, et en quoi l\u2019outil lui-m\u00eame peut induire \u2013 ou non \u2013 une posture d\u2019enseignement diff\u00e9rente. Sans oublier la question de l\u2019appropriation de l\u2019outil \u2013 qu\u2019il soit issu de la sph\u00e8re scolaire ou extrascolaire \u2013 par l\u2019enseignant comme par l\u2019\u00e9l\u00e8ve.<\/p>\n<p style=\"text-align: justify;\">Ce num\u00e9ro est disponible <a href=\"https:\/\/www.septentrion.com\/fr\/livre\/?GCOI=27574100413910\" target=\"_blank\" rel=\"noopener\">aux Presses Universitaires du Septentrion<\/a>. Les articles sont t\u00e9l\u00e9chargeables sur cette page.<\/p>\n<h3>Sommaire<\/h3>\n<p><img loading=\"lazy\" class=\"alignleft size-full wp-image-714\" src=\"http:\/\/www.revue-recherches.fr\/wp-content\/uploads\/2014\/06\/R60-1.jpg\" alt=\"R60 1\" width=\"30\" height=\"30\" \/><a href=\"https:\/\/www.revue-recherches.fr\/wp-content\/uploads\/2016\/07\/007-024_R60_Denizot.pdf\" target=\"_blank\" rel=\"noopener\">Enseigner \u00e0 distance dans un master MEEF<\/a> \/ N. Denizot 7<\/p>\n<hr \/>\n<p><img loading=\"lazy\" class=\"alignleft size-full wp-image-715\" src=\"http:\/\/www.revue-recherches.fr\/wp-content\/uploads\/2014\/06\/R60-2.jpg\" alt=\"R60 2\" width=\"30\" height=\"30\" \/><a href=\"https:\/\/www.revue-recherches.fr\/wp-content\/uploads\/2016\/07\/025-047_R60_KervynFauxBillon.pdf\" target=\"_blank\" rel=\"noopener\">Se servir de la carte mentale pour entrer dans l&rsquo;\u00e9criture<\/a> \/ B. Kervyn, J. Faux, V. Billon 25<\/p>\n<hr \/>\n<p><img loading=\"lazy\" class=\"alignleft size-full wp-image-716\" src=\"http:\/\/www.revue-recherches.fr\/wp-content\/uploads\/2014\/06\/R60-3.jpg\" alt=\"R60 3\" width=\"33\" height=\"30\" \/><a href=\"https:\/\/www.revue-recherches.fr\/wp-content\/uploads\/2016\/07\/049-055_R60_Michieletto.pdf\" target=\"_blank\" rel=\"noopener\">TBI, niveau 1<\/a> \/ S. Michieletto-Vanlancker 49<\/p>\n<hr \/>\n<hr \/>\n<p><img loading=\"lazy\" class=\"alignleft size-full wp-image-717\" src=\"http:\/\/www.revue-recherches.fr\/wp-content\/uploads\/2014\/06\/R60-4.jpg\" alt=\"R60 4\" width=\"30\" height=\"30\" \/><a href=\"https:\/\/www.revue-recherches.fr\/wp-content\/uploads\/2016\/07\/057-068_R60_Fluckiger.pdf\" target=\"_blank\" rel=\"noopener\">Outils num\u00e9riques, continuit\u00e9s et ruptures entre pratiques scolaires et pratiques personnelles<\/a> \/ C. Fluckiger 57<\/p>\n<hr \/>\n<p><img loading=\"lazy\" class=\"alignleft size-full wp-image-718\" src=\"http:\/\/www.revue-recherches.fr\/wp-content\/uploads\/2014\/06\/R60-5.jpg\" alt=\"R60 5\" width=\"30\" height=\"30\" \/><a href=\"https:\/\/www.revue-recherches.fr\/wp-content\/uploads\/2016\/07\/069-087_R60_PHeems.pdf\" target=\"_blank\" rel=\"noopener\">La r\u00e9volution p\u00e9dagogique est \u00e0 gauche au fond de l&rsquo;armoire<\/a> \/ P. Heems 69<\/p>\n<hr \/>\n<p><img loading=\"lazy\" class=\"alignleft size-full wp-image-719\" src=\"http:\/\/www.revue-recherches.fr\/wp-content\/uploads\/2014\/06\/R60-6.jpg\" alt=\"R60 6\" width=\"30\" height=\"30\" \/><a href=\"https:\/\/www.revue-recherches.fr\/wp-content\/uploads\/2016\/07\/089-109_R60_Mangenot_Soubrie.pdf\" target=\"_blank\" rel=\"noopener\">Le web social au service de t\u00e2ches d&rsquo;\u00e9criture<\/a> \/ F. Mangenot, T. Soubri\u00e9 89<\/p>\n<hr \/>\n<p><img loading=\"lazy\" class=\"alignleft size-full wp-image-720\" src=\"http:\/\/www.revue-recherches.fr\/wp-content\/uploads\/2014\/06\/R60-7.jpg\" alt=\"R60 7\" width=\"30\" height=\"30\" \/><a href=\"https:\/\/www.revue-recherches.fr\/wp-content\/uploads\/2016\/07\/111-117_R60_Cauterman-Habi.pdf\" target=\"_blank\" rel=\"noopener\">Vous avez pas un mouchoir ?<\/a> \/ M.-M. Cauterman, Malik Habi 111<\/p>\n<hr \/>\n<p><img loading=\"lazy\" class=\"alignleft size-full wp-image-721\" src=\"http:\/\/www.revue-recherches.fr\/wp-content\/uploads\/2014\/06\/R60-8.jpg\" alt=\"R60 8\" width=\"30\" height=\"30\" \/><a href=\"https:\/\/www.revue-recherches.fr\/wp-content\/uploads\/2016\/07\/119-135_R60_Elalouf_BoisMasson.pdf\" target=\"_blank\" rel=\"noopener\">Informer sur les manuels scolaires, une mission d\u00e9laiss\u00e9e par l&rsquo;\u00c9ducation Nationale<\/a> \/ M.-L. Elalouf, N. Bois-Masson<\/p>\n<hr \/>\n<p><img loading=\"lazy\" class=\"alignleft size-full wp-image-722\" src=\"http:\/\/www.revue-recherches.fr\/wp-content\/uploads\/2014\/06\/R60-9.jpg\" alt=\"R60 9\" width=\"30\" height=\"30\" \/><a href=\"https:\/\/www.revue-recherches.fr\/wp-content\/uploads\/2016\/07\/137-149_R60_Bureau.pdf\" target=\"_blank\" rel=\"noopener\">Le plan de travail, un outil d\u2019individualisation <\/a>\/ F. Bureau 137<\/p>\n<hr \/>\n<p><img loading=\"lazy\" class=\"alignleft size-full wp-image-723\" src=\"http:\/\/www.revue-recherches.fr\/wp-content\/uploads\/2014\/06\/R60-10.jpg\" alt=\"R60 10\" width=\"30\" height=\"30\" \/><a href=\"https:\/\/www.revue-recherches.fr\/wp-content\/uploads\/2016\/07\/151-174_R60_Piot.pdf\" target=\"_blank\" rel=\"noopener\">C\u2019est l\u2019histoire de\u2026 mon carnet de lecteur <\/a>\/ S. Piot 151<\/p>\n<hr \/>\n<p><img loading=\"lazy\" class=\"alignleft size-full wp-image-724\" src=\"http:\/\/www.revue-recherches.fr\/wp-content\/uploads\/2014\/06\/R60-11.jpg\" alt=\"R60 11\" width=\"30\" height=\"30\" \/><a href=\"https:\/\/www.revue-recherches.fr\/wp-content\/uploads\/2016\/07\/175-194_R60_Azria.pdf\" target=\"_blank\" rel=\"noopener\">Objets du quotidien et mat\u00e9riaux scolaires : la trousse \u00e0 outils d\u2019\u00e9l\u00e8ves de CM2<\/a> \/ F. Azria 175<\/p>\n<hr \/>\n<p><img loading=\"lazy\" class=\"alignleft size-full wp-image-725\" src=\"http:\/\/www.revue-recherches.fr\/wp-content\/uploads\/2014\/06\/R60-12.jpg\" alt=\"R60 12\" width=\"30\" height=\"30\" \/><a href=\"https:\/\/www.revue-recherches.fr\/wp-content\/uploads\/2016\/07\/195-209_R60_Dufour.pdf\" target=\"_blank\" rel=\"noopener\">Les affiches dans les classes : ce qu\u2019en disent les \u00e9l\u00e8ves <\/a>\/ M. Dufour 195<\/p>\n<hr \/>\n<p><img loading=\"lazy\" class=\"alignleft size-full wp-image-726\" src=\"http:\/\/www.revue-recherches.fr\/wp-content\/uploads\/2014\/06\/R60-13.jpg\" alt=\"R60 13\" width=\"30\" height=\"30\" \/><a href=\"https:\/\/www.revue-recherches.fr\/wp-content\/uploads\/2016\/07\/211-219_R60_Charlet.pdf\" target=\"_blank\" rel=\"noopener\">De quelques outils informatiques et de leurs usages personnels vers la classe <\/a>\/ C. Charlet 211<\/p>\n<hr \/>\n<p><img loading=\"lazy\" class=\"alignleft size-full wp-image-727\" src=\"http:\/\/www.revue-recherches.fr\/wp-content\/uploads\/2014\/06\/R60-14.jpg\" alt=\"R60 14\" width=\"30\" height=\"30\" \/><a href=\"https:\/\/www.revue-recherches.fr\/wp-content\/uploads\/2016\/07\/221-234_R60_Vlieghe.pdf\" target=\"_blank\" rel=\"noopener\">Des nouvelles du livre pour la jeunesse : la Grande Guerre<\/a> \/ \u00c9. Vlieghe 221<\/p>\n<h3>\u00c9ditorial<\/h3>\n<blockquote>\n<p style=\"text-align: justify;\">Concevoir des t\u00e2ches scolaires puis accompagner les \u00e9l\u00e8ves dans la r\u00e9alisation de ces t\u00e2ches est l\u2019une des facettes du m\u00e9tier d\u2019enseignant. Quelle d\u00e9marche mettre en place pour qu\u2019un \u00e9l\u00e8ve entre dans la lecture d\u2019une \u0153uvre ? Comment aider les \u00e9l\u00e8ves \u00e0 progresser dans l\u2019\u00e9criture d\u2019un texte ou \u00e0 pr\u00e9senter un expos\u00e9 oral ? Dans toutes ces situations, l\u2019enseignant \u2013 comme l\u2019\u00e9l\u00e8ve \u2013 a besoin d\u2019outils. C\u2019est une notion ambig\u00fce que cet outil sur lequel s\u2019interroge ce num\u00e9ro de la revue <em>Recherches<\/em> en ouvrant les trousses, les cartables, les tiroirs, les armoires, en regardant les tableaux, les murs de la classe, les \u00e9crans, en explorant les espaces virtuels, pour examiner les outils, ouvrages, mat\u00e9riaux, instruments que convoquent les t\u00e2ches scolaires. <a href=\"https:\/\/www.revue-recherches.fr\/wp-content\/uploads\/2014\/06\/editorial-60.pdf\" target=\"_blank\" rel=\"noopener\">[\u2026]<\/a><\/p>\n<\/blockquote>\n","protected":false},"excerpt":{"rendered":"<p>R\u00e9volution num\u00e9rique oblige, la notion d\u2019outil est souvent associ\u00e9e aux outils informatiques, TBI, Web social, plateformes d\u2019enseignement \u00e0 distance etc. Mais, du crayon au manuel, ce num\u00e9ro de Recherches s\u2019int\u00e9resse aussi aux outils traditionnels et aux outils conceptuels propres \u00e0 l\u2019enseignement du fran\u00e7ais. Il interroge les interactions enseignants\/outils\/\u00e9l\u00e8ves \u00e0 tous les niveaux de la scolarit\u00e9, &hellip; <a href=\"https:\/\/www.revue-recherches.fr\/?p=2950\" class=\"more-link\">Continuer la lecture de <span class=\"screen-reader-text\">N\u00b0 60 &#8211; OUTILS<\/span> <span class=\"meta-nav\">&rarr;<\/span><\/a><\/p>\n","protected":false},"author":3,"featured_media":0,"comment_status":"closed","ping_status":"open","sticky":false,"template":"","format":"standard","meta":[],"categories":[1093,1081],"tags":[],"_links":{"self":[{"href":"https:\/\/www.revue-recherches.fr\/index.php?rest_route=\/wp\/v2\/posts\/2950"}],"collection":[{"href":"https:\/\/www.revue-recherches.fr\/index.php?rest_route=\/wp\/v2\/posts"}],"about":[{"href":"https:\/\/www.revue-recherches.fr\/index.php?rest_route=\/wp\/v2\/types\/post"}],"author":[{"embeddable":true,"href":"https:\/\/www.revue-recherches.fr\/index.php?rest_route=\/wp\/v2\/users\/3"}],"replies":[{"embeddable":true,"href":"https:\/\/www.revue-recherches.fr\/index.php?rest_route=%2Fwp%2Fv2%2Fcomments&post=2950"}],"version-history":[{"count":8,"href":"https:\/\/www.revue-recherches.fr\/index.php?rest_route=\/wp\/v2\/posts\/2950\/revisions"}],"predecessor-version":[{"id":8433,"href":"https:\/\/www.revue-recherches.fr\/index.php?rest_route=\/wp\/v2\/posts\/2950\/revisions\/8433"}],"wp:attachment":[{"href":"https:\/\/www.revue-recherches.fr\/index.php?rest_route=%2Fwp%2Fv2%2Fmedia&parent=2950"}],"wp:term":[{"taxonomy":"category","embeddable":true,"href":"https:\/\/www.revue-recherches.fr\/index.php?rest_route=%2Fwp%2Fv2%2Fcategories&post=2950"},{"taxonomy":"post_tag","embeddable":true,"href":"https:\/\/www.revue-recherches.fr\/index.php?rest_route=%2Fwp%2Fv2%2Ftags&post=2950"}],"curies":[{"name":"wp","href":"https:\/\/api.w.org\/{rel}","templated":true}]}}